{"id":2103,"date":"2023-07-06T10:04:31","date_gmt":"2023-07-06T08:04:31","guid":{"rendered":"https:\/\/konnekt.no\/?p=2103"},"modified":"2024-03-15T15:56:43","modified_gmt":"2024-03-15T14:56:43","slug":"trond-michael-andersen-blir-ny-leder-for-konnekt","status":"publish","type":"post","link":"https:\/\/www.jernbanedirektoratet.no\/konnekt\/nyheter\/trond-michael-andersen-blir-ny-leder-for-konnekt\/","title":{"rendered":"Trond Michael Andersen blir ny leder for Konnekt"},"content":{"rendered":"\n<div class=\"wp-block-cover alignfull\"><span aria-hidden=\"true\" class=\"wp-block-cover__background has-background-dim-0 has-background-dim\"><\/span><img loading=\"lazy\" decoding=\"async\" width=\"1883\" height=\"1287\" src=\"https:\/\/www.jernbanedirektoratet.no\/content\/uploads\/sites\/3\/2023\/07\/trond-michael-edit.jpg\" class=\"wp-block-cover__image-background wp-post-image\" alt=\"\" data-object-fit=\"cover\" srcset=\"https:\/\/www.jernbanedirektoratet.no\/content\/uploads\/sites\/3\/2023\/07\/trond-michael-edit.jpg 1883w, https:\/\/www.jernbanedirektoratet.no\/content\/uploads\/sites\/3\/2023\/07\/trond-michael-edit-300x205.jpg 300w, https:\/\/www.jernbanedirektoratet.no\/content\/uploads\/sites\/3\/2023\/07\/trond-michael-edit-1024x700.jpg 1024w, https:\/\/www.jernbanedirektoratet.no\/content\/uploads\/sites\/3\/2023\/07\/trond-michael-edit-768x525.jpg 768w, https:\/\/www.jernbanedirektoratet.no\/content\/uploads\/sites\/3\/2023\/07\/trond-michael-edit-1536x1050.jpg 1536w\" sizes=\"auto, (max-width: 1883px) 100vw, 1883px\" \/><div class=\"wp-block-cover__inner-container\"><h1 class=\"wp-block-post-title\">Trond Michael Andersen blir ny leder for Konnekt<\/h1>\n\n<p class=\"t2-ingress wp-block-t2-ingress\">Andersen tar over roret i Konnekt fra 1. september. Han kommer fra stillingen som avdelingsdirekt\u00f8r for teknologi i divisjonen drift og vedlikehold i Statens Vegvesen.<\/p><\/div><\/div>\n\n\n\n\t<div class=\"jernbanedirektoratet-byline jernbanedirektoratet-byline--post-updated wp-block-jernbanedirektoratet-byline\">\n\t\t\t\t\t\t\t<div class=\"jernbanedirektoratet-byline__time\">\n\t\t\t\t<time class=\"jernbanedirektoratet-byline__time__published\" datetime=\"2023-07-06T10:04:31+02:00\" >\n\t\t\t\t\tPublisert:\n\t\t\t\t\t6. juli 2023\t\t\t\t<\/time>\n\n\t\t\t\t\t\t\t\t<time class=\"jernbanedirektoratet-byline__time__updated\" datetime=\"2024-03-15T15:56:43+01:00\" >\n\t\t\t\t\tSist oppdatert:\n\t\t\t\t\t15. mars 2024\t\t\t\t<\/time>\n\t\t\t\t\t\t\t<\/div>\n\t\t\t<\/div>\n\t\n\n\n<p>Trond Michael Andersen tar over etter<a href=\"https:\/\/konnekt.no\/abdul-basit-mohammad-gar-av-som-leder-for-konnekt\" target=\"_blank\" rel=\"noreferrer noopener\"> Abdul Basit Mohammad som har ledet Konnekt de tre siste \u00e5rene.<\/a> Andersen har en doktorgrad innenfor matematisk modellering av tilstandsbasert vedlikehold, han har jobbet i Statens Vegvesen siden 2015. <\/p>\n\n\n\n<p>Den nye lederen har opparbeidet seg god kjennskap til b\u00e5de akademia og n\u00e6ringslivet gjennom sin fartstid da han har v\u00e6rt rektor ved H\u00f8gskolen i S\u00f8r-Tr\u00f8ndelag og undervist p\u00e5 NTNU. Andersen tar med seg mye kunnskap og rikelig med erfaring fra en rekke sektorer inn i stillingen som leder. Han har tidligere v\u00e6rt Adm. Dir i Helse Midt-Norge, forsker og forskningsleder ved Marintek og prosjektleder i Statoil.<\/p>\n\n\n\n<p>Andersen bor i Trondheim, n\u00e6rmere bestemt p\u00e5 Lade med kone og har to barn. Han kommer til \u00e5 lede Konnekt fra Trondheim mens kontoret i Oslo fremdeles best\u00e5r.<\/p>\n\n\n\n<p>\u00abJeg ser virkelig fram til \u00e5 lede Konnekt videre. Kompetanse blir bare et enda viktigere tema \u00e5 fokusere p\u00e5 i \u00e5rene som kommer med tanke p\u00e5 utnyttelse av ny teknologi, og ikke minst for \u00e5 n\u00e5 b\u00e6rekraftsm\u00e5lene. Dette er en mulighet for \u00e5 jobbe langsiktig og strategisk med kompetanse i en bransje som omsetter for 100 milliarder og har mer enn 65000 ansatte.\u00bb Forteller den nye lederen.<\/p>\n\n\n\n<p>\u00abMed Trond Michaels bakgrunn fra akademia s\u00e5 vel som hans erfaring og innsikt i sektoren som helhet, er vi sikre p\u00e5 at han kan ta Konnekt videre og lede senteret p\u00e5 en god m\u00e5te\u00bb, sier Jane Bordal som er styreleder i Konnekt, og legger til. \u00abTrond Michael har alltid vist et brennende engasjement for kompetanse og kompetanseutvikling, det vil komme til godt med i hans nye rolle som leder for Konnekt.\u00bb<\/p>\n","protected":false},"excerpt":{"rendered":"<p>Andersen tar over roret i Konnekt fra 1. september. Han kommer fra stillingen som avdelingsdirekt\u00f8r for teknologi i divisjonen drift og vedlikehold i Statens Vegvesen.<\/p>\n","protected":false},"author":14,"featured_media":2106,"comment_status":"closed","ping_status":"closed","sticky":false,"template":"","format":"standard","meta":{"post_sublanguage":"","footnotes":""},"categories":[1],"tags":[51,71],"class_list":["post-2103","post","type-post","status-publish","format-standard","has-post-thumbnail","hentry","category-ukategorisert","tag-statens-vegvesen","tag-trond-michael-andersen"],"yoast_head":"<!-- This site is optimized with the Yoast SEO Premium plugin v25.3 (Yoast SEO v25.3) - https:\/\/yoast.com\/wordpress\/plugins\/seo\/ -->\n<title>Trond Michael Andersen blir ny leder for Konnekt - Konnekt<\/title>\n<meta name=\"robots\" content=\"index, follow, max-snippet:-1, max-image-preview:large, max-video-preview:-1\" \/>\n<link rel=\"canonical\" href=\"https:\/\/www.jernbanedirektoratet.no\/konnekt\/nyheter\/trond-michael-andersen-blir-ny-leder-for-konnekt\/\" \/>\n<meta property=\"og:locale\" content=\"nb_NO\" \/>\n<meta property=\"og:type\" content=\"article\" \/>\n<meta property=\"og:title\" content=\"Trond Michael Andersen blir ny leder for Konnekt\" \/>\n<meta property=\"og:description\" content=\"Andersen tar over roret i Konnekt fra 1. september. Han kommer fra stillingen som avdelingsdirekt\u00f8r for teknologi i divisjonen drift og vedlikehold i Statens Vegvesen.\" \/>\n<meta property=\"og:url\" content=\"https:\/\/www.jernbanedirektoratet.no\/konnekt\/nyheter\/trond-michael-andersen-blir-ny-leder-for-konnekt\/\" \/>\n<meta property=\"og:site_name\" content=\"Konnekt\" \/>\n<meta property=\"article:published_time\" content=\"2023-07-06T08:04:31+00:00\" \/>\n<meta property=\"article:modified_time\" content=\"2024-03-15T14:56:43+00:00\" \/>\n<meta property=\"og:image\" content=\"https:\/\/www.jernbanedirektoratet.no\/content\/uploads\/sites\/3\/2023\/07\/trond-michael-edit.jpg\" \/>\n\t<meta property=\"og:image:width\" content=\"1883\" \/>\n\t<meta property=\"og:image:height\" content=\"1287\" \/>\n\t<meta property=\"og:image:type\" content=\"image\/jpeg\" \/>\n<meta name=\"author\" content=\"Petter Karl Aanonsen\" \/>\n<meta name=\"twitter:card\" content=\"summary_large_image\" \/>\n<meta name=\"twitter:label1\" content=\"Skrevet av\" \/>\n\t<meta name=\"twitter:data1\" content=\"Petter Karl Aanonsen\" \/>\n\t<meta name=\"twitter:label2\" content=\"Ansl. lesetid\" \/>\n\t<meta name=\"twitter:data2\" content=\"2 minutter\" \/>\n<script type=\"application\/ld+json\" class=\"yoast-schema-graph\">{\"@context\":\"https:\/\/schema.org\",\"@graph\":[{\"@type\":\"Article\",\"@id\":\"https:\/\/www.jernbanedirektoratet.no\/konnekt\/nyheter\/trond-michael-andersen-blir-ny-leder-for-konnekt\/#article\",\"isPartOf\":{\"@id\":\"https:\/\/www.jernbanedirektoratet.no\/konnekt\/nyheter\/trond-michael-andersen-blir-ny-leder-for-konnekt\/\"},\"author\":{\"name\":\"Petter Karl Aanonsen\",\"@id\":\"https:\/\/www.jernbanedirektoratet.no\/konnekt\/#\/schema\/person\/e6cfe67f0eaf40de21249ed37961b5da\"},\"headline\":\"Trond Michael Andersen blir ny leder for Konnekt\",\"datePublished\":\"2023-07-06T08:04:31+00:00\",\"dateModified\":\"2024-03-15T14:56:43+00:00\",\"mainEntityOfPage\":{\"@id\":\"https:\/\/www.jernbanedirektoratet.no\/konnekt\/nyheter\/trond-michael-andersen-blir-ny-leder-for-konnekt\/\"},\"wordCount\":279,\"publisher\":{\"@id\":\"https:\/\/www.jernbanedirektoratet.no\/konnekt\/#organization\"},\"image\":{\"@id\":\"https:\/\/www.jernbanedirektoratet.no\/konnekt\/nyheter\/trond-michael-andersen-blir-ny-leder-for-konnekt\/#primaryimage\"},\"thumbnailUrl\":\"https:\/\/www.jernbanedirektoratet.no\/content\/uploads\/sites\/3\/2023\/07\/trond-michael-edit.jpg\",\"keywords\":[\"statens vegvesen\",\"trond michael andersen\"],\"inLanguage\":\"nb-NO\"},{\"@type\":\"WebPage\",\"@id\":\"https:\/\/www.jernbanedirektoratet.no\/konnekt\/nyheter\/trond-michael-andersen-blir-ny-leder-for-konnekt\/\",\"url\":\"https:\/\/www.jernbanedirektoratet.no\/konnekt\/nyheter\/trond-michael-andersen-blir-ny-leder-for-konnekt\/\",\"name\":\"Trond Michael Andersen blir ny leder for Konnekt - Konnekt\",\"isPartOf\":{\"@id\":\"https:\/\/www.jernbanedirektoratet.no\/konnekt\/#website\"},\"primaryImageOfPage\":{\"@id\":\"https:\/\/www.jernbanedirektoratet.no\/konnekt\/nyheter\/trond-michael-andersen-blir-ny-leder-for-konnekt\/#primaryimage\"},\"image\":{\"@id\":\"https:\/\/www.jernbanedirektoratet.no\/konnekt\/nyheter\/trond-michael-andersen-blir-ny-leder-for-konnekt\/#primaryimage\"},\"thumbnailUrl\":\"https:\/\/www.jernbanedirektoratet.no\/content\/uploads\/sites\/3\/2023\/07\/trond-michael-edit.jpg\",\"datePublished\":\"2023-07-06T08:04:31+00:00\",\"dateModified\":\"2024-03-15T14:56:43+00:00\",\"breadcrumb\":{\"@id\":\"https:\/\/www.jernbanedirektoratet.no\/konnekt\/nyheter\/trond-michael-andersen-blir-ny-leder-for-konnekt\/#breadcrumb\"},\"inLanguage\":\"nb-NO\",\"potentialAction\":[{\"@type\":\"ReadAction\",\"target\":[\"https:\/\/www.jernbanedirektoratet.no\/konnekt\/nyheter\/trond-michael-andersen-blir-ny-leder-for-konnekt\/\"]}]},{\"@type\":\"ImageObject\",\"inLanguage\":\"nb-NO\",\"@id\":\"https:\/\/www.jernbanedirektoratet.no\/konnekt\/nyheter\/trond-michael-andersen-blir-ny-leder-for-konnekt\/#primaryimage\",\"url\":\"https:\/\/www.jernbanedirektoratet.no\/content\/uploads\/sites\/3\/2023\/07\/trond-michael-edit.jpg\",\"contentUrl\":\"https:\/\/www.jernbanedirektoratet.no\/content\/uploads\/sites\/3\/2023\/07\/trond-michael-edit.jpg\",\"width\":1883,\"height\":1287},{\"@type\":\"BreadcrumbList\",\"@id\":\"https:\/\/www.jernbanedirektoratet.no\/konnekt\/nyheter\/trond-michael-andersen-blir-ny-leder-for-konnekt\/#breadcrumb\",\"itemListElement\":[{\"@type\":\"ListItem\",\"position\":1,\"name\":\"Hjem\",\"item\":\"https:\/\/www.jernbanedirektoratet.no\/konnekt\/\"},{\"@type\":\"ListItem\",\"position\":2,\"name\":\"Trond Michael Andersen blir ny leder for Konnekt\"}]},{\"@type\":\"WebSite\",\"@id\":\"https:\/\/www.jernbanedirektoratet.no\/konnekt\/#website\",\"url\":\"https:\/\/www.jernbanedirektoratet.no\/konnekt\/\",\"name\":\"Konnekt\",\"description\":\"\",\"publisher\":{\"@id\":\"https:\/\/www.jernbanedirektoratet.no\/konnekt\/#organization\"},\"potentialAction\":[{\"@type\":\"SearchAction\",\"target\":{\"@type\":\"EntryPoint\",\"urlTemplate\":\"https:\/\/www.jernbanedirektoratet.no\/konnekt\/?s={search_term_string}\"},\"query-input\":{\"@type\":\"PropertyValueSpecification\",\"valueRequired\":true,\"valueName\":\"search_term_string\"}}],\"inLanguage\":\"nb-NO\"},{\"@type\":\"Organization\",\"@id\":\"https:\/\/www.jernbanedirektoratet.no\/konnekt\/#organization\",\"name\":\"Konnekt\",\"url\":\"https:\/\/www.jernbanedirektoratet.no\/konnekt\/\",\"logo\":{\"@type\":\"ImageObject\",\"inLanguage\":\"nb-NO\",\"@id\":\"https:\/\/www.jernbanedirektoratet.no\/konnekt\/#\/schema\/logo\/image\/\",\"url\":\"https:\/\/www.jernbanedirektoratet.no\/content\/uploads\/sites\/3\/2024\/01\/logo-konnekt.svg\",\"contentUrl\":\"https:\/\/www.jernbanedirektoratet.no\/content\/uploads\/sites\/3\/2024\/01\/logo-konnekt.svg\",\"caption\":\"Konnekt\"},\"image\":{\"@id\":\"https:\/\/www.jernbanedirektoratet.no\/konnekt\/#\/schema\/logo\/image\/\"}},{\"@type\":\"Person\",\"@id\":\"https:\/\/www.jernbanedirektoratet.no\/konnekt\/#\/schema\/person\/e6cfe67f0eaf40de21249ed37961b5da\",\"name\":\"Petter Karl Aanonsen\",\"image\":{\"@type\":\"ImageObject\",\"inLanguage\":\"nb-NO\",\"@id\":\"https:\/\/www.jernbanedirektoratet.no\/konnekt\/#\/schema\/person\/image\/\",\"url\":\"https:\/\/secure.gravatar.com\/avatar\/9c7a8c3dfcd325732cbbb55fa4b731c6c03b273c06a47cdcc7e43105eb0ee964?s=96&d=mm&r=g\",\"contentUrl\":\"https:\/\/secure.gravatar.com\/avatar\/9c7a8c3dfcd325732cbbb55fa4b731c6c03b273c06a47cdcc7e43105eb0ee964?s=96&d=mm&r=g\",\"caption\":\"Petter Karl Aanonsen\"}}]}<\/script>\n<!-- \/ Yoast SEO Premium plugin. -->","yoast_head_json":{"title":"Trond Michael Andersen blir ny leder for Konnekt - Konnekt","robots":{"index":"index","follow":"follow","max-snippet":"max-snippet:-1","max-image-preview":"max-image-preview:large","max-video-preview":"max-video-preview:-1"},"canonical":"https:\/\/www.jernbanedirektoratet.no\/konnekt\/nyheter\/trond-michael-andersen-blir-ny-leder-for-konnekt\/","og_locale":"nb_NO","og_type":"article","og_title":"Trond Michael Andersen blir ny leder for Konnekt","og_description":"Andersen tar over roret i Konnekt fra 1. september. Han kommer fra stillingen som avdelingsdirekt\u00f8r for teknologi i divisjonen drift og vedlikehold i Statens Vegvesen.","og_url":"https:\/\/www.jernbanedirektoratet.no\/konnekt\/nyheter\/trond-michael-andersen-blir-ny-leder-for-konnekt\/","og_site_name":"Konnekt","article_published_time":"2023-07-06T08:04:31+00:00","article_modified_time":"2024-03-15T14:56:43+00:00","og_image":[{"width":1883,"height":1287,"url":"https:\/\/www.jernbanedirektoratet.no\/content\/uploads\/sites\/3\/2023\/07\/trond-michael-edit.jpg","type":"image\/jpeg"}],"author":"Petter Karl Aanonsen","twitter_card":"summary_large_image","twitter_misc":{"Skrevet av":"Petter Karl Aanonsen","Ansl. lesetid":"2 minutter"},"schema":{"@context":"https:\/\/schema.org","@graph":[{"@type":"Article","@id":"https:\/\/www.jernbanedirektoratet.no\/konnekt\/nyheter\/trond-michael-andersen-blir-ny-leder-for-konnekt\/#article","isPartOf":{"@id":"https:\/\/www.jernbanedirektoratet.no\/konnekt\/nyheter\/trond-michael-andersen-blir-ny-leder-for-konnekt\/"},"author":{"name":"Petter Karl Aanonsen","@id":"https:\/\/www.jernbanedirektoratet.no\/konnekt\/#\/schema\/person\/e6cfe67f0eaf40de21249ed37961b5da"},"headline":"Trond Michael Andersen blir ny leder for Konnekt","datePublished":"2023-07-06T08:04:31+00:00","dateModified":"2024-03-15T14:56:43+00:00","mainEntityOfPage":{"@id":"https:\/\/www.jernbanedirektoratet.no\/konnekt\/nyheter\/trond-michael-andersen-blir-ny-leder-for-konnekt\/"},"wordCount":279,"publisher":{"@id":"https:\/\/www.jernbanedirektoratet.no\/konnekt\/#organization"},"image":{"@id":"https:\/\/www.jernbanedirektoratet.no\/konnekt\/nyheter\/trond-michael-andersen-blir-ny-leder-for-konnekt\/#primaryimage"},"thumbnailUrl":"https:\/\/www.jernbanedirektoratet.no\/content\/uploads\/sites\/3\/2023\/07\/trond-michael-edit.jpg","keywords":["statens vegvesen","trond michael andersen"],"inLanguage":"nb-NO"},{"@type":"WebPage","@id":"https:\/\/www.jernbanedirektoratet.no\/konnekt\/nyheter\/trond-michael-andersen-blir-ny-leder-for-konnekt\/","url":"https:\/\/www.jernbanedirektoratet.no\/konnekt\/nyheter\/trond-michael-andersen-blir-ny-leder-for-konnekt\/","name":"Trond Michael Andersen blir ny leder for Konnekt - Konnekt","isPartOf":{"@id":"https:\/\/www.jernbanedirektoratet.no\/konnekt\/#website"},"primaryImageOfPage":{"@id":"https:\/\/www.jernbanedirektoratet.no\/konnekt\/nyheter\/trond-michael-andersen-blir-ny-leder-for-konnekt\/#primaryimage"},"image":{"@id":"https:\/\/www.jernbanedirektoratet.no\/konnekt\/nyheter\/trond-michael-andersen-blir-ny-leder-for-konnekt\/#primaryimage"},"thumbnailUrl":"https:\/\/www.jernbanedirektoratet.no\/content\/uploads\/sites\/3\/2023\/07\/trond-michael-edit.jpg","datePublished":"2023-07-06T08:04:31+00:00","dateModified":"2024-03-15T14:56:43+00:00","breadcrumb":{"@id":"https:\/\/www.jernbanedirektoratet.no\/konnekt\/nyheter\/trond-michael-andersen-blir-ny-leder-for-konnekt\/#breadcrumb"},"inLanguage":"nb-NO","potentialAction":[{"@type":"ReadAction","target":["https:\/\/www.jernbanedirektoratet.no\/konnekt\/nyheter\/trond-michael-andersen-blir-ny-leder-for-konnekt\/"]}]},{"@type":"ImageObject","inLanguage":"nb-NO","@id":"https:\/\/www.jernbanedirektoratet.no\/konnekt\/nyheter\/trond-michael-andersen-blir-ny-leder-for-konnekt\/#primaryimage","url":"https:\/\/www.jernbanedirektoratet.no\/content\/uploads\/sites\/3\/2023\/07\/trond-michael-edit.jpg","contentUrl":"https:\/\/www.jernbanedirektoratet.no\/content\/uploads\/sites\/3\/2023\/07\/trond-michael-edit.jpg","width":1883,"height":1287},{"@type":"BreadcrumbList","@id":"https:\/\/www.jernbanedirektoratet.no\/konnekt\/nyheter\/trond-michael-andersen-blir-ny-leder-for-konnekt\/#breadcrumb","itemListElement":[{"@type":"ListItem","position":1,"name":"Hjem","item":"https:\/\/www.jernbanedirektoratet.no\/konnekt\/"},{"@type":"ListItem","position":2,"name":"Trond Michael Andersen blir ny leder for Konnekt"}]},{"@type":"WebSite","@id":"https:\/\/www.jernbanedirektoratet.no\/konnekt\/#website","url":"https:\/\/www.jernbanedirektoratet.no\/konnekt\/","name":"Konnekt","description":"","publisher":{"@id":"https:\/\/www.jernbanedirektoratet.no\/konnekt\/#organization"},"potentialAction":[{"@type":"SearchAction","target":{"@type":"EntryPoint","urlTemplate":"https:\/\/www.jernbanedirektoratet.no\/konnekt\/?s={search_term_string}"},"query-input":{"@type":"PropertyValueSpecification","valueRequired":true,"valueName":"search_term_string"}}],"inLanguage":"nb-NO"},{"@type":"Organization","@id":"https:\/\/www.jernbanedirektoratet.no\/konnekt\/#organization","name":"Konnekt","url":"https:\/\/www.jernbanedirektoratet.no\/konnekt\/","logo":{"@type":"ImageObject","inLanguage":"nb-NO","@id":"https:\/\/www.jernbanedirektoratet.no\/konnekt\/#\/schema\/logo\/image\/","url":"https:\/\/www.jernbanedirektoratet.no\/content\/uploads\/sites\/3\/2024\/01\/logo-konnekt.svg","contentUrl":"https:\/\/www.jernbanedirektoratet.no\/content\/uploads\/sites\/3\/2024\/01\/logo-konnekt.svg","caption":"Konnekt"},"image":{"@id":"https:\/\/www.jernbanedirektoratet.no\/konnekt\/#\/schema\/logo\/image\/"}},{"@type":"Person","@id":"https:\/\/www.jernbanedirektoratet.no\/konnekt\/#\/schema\/person\/e6cfe67f0eaf40de21249ed37961b5da","name":"Petter Karl Aanonsen","image":{"@type":"ImageObject","inLanguage":"nb-NO","@id":"https:\/\/www.jernbanedirektoratet.no\/konnekt\/#\/schema\/person\/image\/","url":"https:\/\/secure.gravatar.com\/avatar\/9c7a8c3dfcd325732cbbb55fa4b731c6c03b273c06a47cdcc7e43105eb0ee964?s=96&d=mm&r=g","contentUrl":"https:\/\/secure.gravatar.com\/avatar\/9c7a8c3dfcd325732cbbb55fa4b731c6c03b273c06a47cdcc7e43105eb0ee964?s=96&d=mm&r=g","caption":"Petter Karl Aanonsen"}}]}},"_links":{"self":[{"href":"https:\/\/www.jernbanedirektoratet.no\/konnekt\/wp-json\/wp\/v2\/posts\/2103","targetHints":{"allow":["GET"]}}],"collection":[{"href":"https:\/\/www.jernbanedirektoratet.no\/konnekt\/wp-json\/wp\/v2\/posts"}],"about":[{"href":"https:\/\/www.jernbanedirektoratet.no\/konnekt\/wp-json\/wp\/v2\/types\/post"}],"author":[{"embeddable":true,"href":"https:\/\/www.jernbanedirektoratet.no\/konnekt\/wp-json\/wp\/v2\/users\/14"}],"replies":[{"embeddable":true,"href":"https:\/\/www.jernbanedirektoratet.no\/konnekt\/wp-json\/wp\/v2\/comments?post=2103"}],"version-history":[{"count":2,"href":"https:\/\/www.jernbanedirektoratet.no\/konnekt\/wp-json\/wp\/v2\/posts\/2103\/revisions"}],"predecessor-version":[{"id":2694,"href":"https:\/\/www.jernbanedirektoratet.no\/konnekt\/wp-json\/wp\/v2\/posts\/2103\/revisions\/2694"}],"wp:featuredmedia":[{"embeddable":true,"href":"https:\/\/www.jernbanedirektoratet.no\/konnekt\/wp-json\/wp\/v2\/media\/2106"}],"wp:attachment":[{"href":"https:\/\/www.jernbanedirektoratet.no\/konnekt\/wp-json\/wp\/v2\/media?parent=2103"}],"wp:term":[{"taxonomy":"category","embeddable":true,"href":"https:\/\/www.jernbanedirektoratet.no\/konnekt\/wp-json\/wp\/v2\/categories?post=2103"},{"taxonomy":"post_tag","embeddable":true,"href":"https:\/\/www.jernbanedirektoratet.no\/konnekt\/wp-json\/wp\/v2\/tags?post=2103"}],"curies":[{"name":"wp","href":"https:\/\/api.w.org\/{rel}","templated":true}]}}