{"id":2279,"date":"2024-02-21T10:06:27","date_gmt":"2024-02-21T09:06:27","guid":{"rendered":"https:\/\/www.jernbanedirektoratet.no\/konnekt\/?p=2279"},"modified":"2024-02-23T10:32:38","modified_gmt":"2024-02-23T09:32:38","slug":"samles-for-jernbanekompetansen","status":"publish","type":"post","link":"https:\/\/www.jernbanedirektoratet.no\/konnekt\/nyheter\/samles-for-jernbanekompetansen\/","title":{"rendered":"Samles for jernbanekompetansen"},"content":{"rendered":"\n<div class=\"wp-block-cover alignfull is-light\"><span aria-hidden=\"true\" class=\"wp-block-cover__background has-background-dim-0 has-background-dim\"><\/span><img loading=\"lazy\" decoding=\"async\" width=\"2560\" height=\"1585\" src=\"https:\/\/www.jernbanedirektoratet.no\/content\/uploads\/sites\/3\/2024\/02\/foredrag-bane-nor-scaled.jpg\" class=\"wp-block-cover__image-background wp-post-image\" alt=\"\" data-object-fit=\"cover\" data-object-position=\"51% 25%\" style=\"object-position:51% 25%;\" srcset=\"https:\/\/www.jernbanedirektoratet.no\/content\/uploads\/sites\/3\/2024\/02\/foredrag-bane-nor-scaled.jpg 2560w, https:\/\/www.jernbanedirektoratet.no\/content\/uploads\/sites\/3\/2024\/02\/foredrag-bane-nor-300x186.jpg 300w, https:\/\/www.jernbanedirektoratet.no\/content\/uploads\/sites\/3\/2024\/02\/foredrag-bane-nor-1024x634.jpg 1024w, https:\/\/www.jernbanedirektoratet.no\/content\/uploads\/sites\/3\/2024\/02\/foredrag-bane-nor-768x475.jpg 768w, https:\/\/www.jernbanedirektoratet.no\/content\/uploads\/sites\/3\/2024\/02\/foredrag-bane-nor-1536x951.jpg 1536w, https:\/\/www.jernbanedirektoratet.no\/content\/uploads\/sites\/3\/2024\/02\/foredrag-bane-nor-2048x1268.jpg 2048w\" sizes=\"auto, (max-width: 2560px) 100vw, 2560px\" \/><div class=\"wp-block-cover__inner-container\"><h1 class=\"wp-block-post-title\">Samles for jernbanekompetansen<\/h1>\n\n<p class=\"t2-ingress wp-block-t2-ingress\">Konnekt og\u00a0<a href=\"https:\/\/uit.no\/startsida\" target=\"_blank\" rel=\"noreferrer noopener\">UiT Norges arktiske universitet<\/a>\u00a0samlet over 70 akt\u00f8rer fra jernbanesektoren og studenter for \u00e5 l\u00e6re av hverandre og \u00f8ke samarbeidet om utdanning.<\/p><\/div><\/div>\n\n\n\n\t<div class=\"jernbanedirektoratet-byline jernbanedirektoratet-byline--post-updated wp-block-jernbanedirektoratet-byline\">\n\t\t\t\t\t<div class=\"jernbanedirektoratet-byline__names\">\n\t\t\t\t\t\t\t\t\t<div class=\"jernbanedirektoratet-byline__name\">\n\t\t\t\t\t<svg xmlns=\"http:\/\/www.w3.org\/2000\/svg\" viewBox=\"0 0 24 24\" height=\"24\" width=\"24\" class=\"t2-icon t2-icon-bullet\" aria-hidden=\"true\" focusable=\"false\"><path d=\"M9 9H15V15H9V9Z\" fill=\"currentColor\" \/><\/svg>Petter Karl Aanonsen\t\t\t\t\t<\/div>\n\t\t\t\t\t\t\t\t<\/div>\n\t\t\t\t\t\t\t<div class=\"jernbanedirektoratet-byline__time\">\n\t\t\t\t<time class=\"jernbanedirektoratet-byline__time__published\" datetime=\"2024-02-21T10:06:27+01:00\" >\n\t\t\t\t\tPublisert:\n\t\t\t\t\t21. februar 2024\t\t\t\t<\/time>\n\n\t\t\t\t\t\t\t\t<time class=\"jernbanedirektoratet-byline__time__updated\" datetime=\"2024-02-23T10:32:38+01:00\" >\n\t\t\t\t\tSist oppdatert:\n\t\t\t\t\t23. februar 2024\t\t\t\t<\/time>\n\t\t\t\t\t\t\t<\/div>\n\t\t\t<\/div>\n\t\n\n\n<p><strong>Narvik feb.24<\/strong>: Hvordan kan vi styrke jernbaneutdanningen i Norge? Og hvordan kan vi skape en sektor studentene \u00f8nsker \u00e5 s\u00f8ke seg til? Det var gjennomgangstemaet da UiT og Konnekt samlet deler av sektoren i Narvik. Jernbanen er en viktig akt\u00f8r for at Norge skal n\u00e5 klimam\u00e5lene som er satt. Og da m\u00e5 vi ha en forutsigbar og robust jernbane. En viktig faktor for \u00e5 f\u00e5 til det er \u00e5 skape interesse for jernbanen, og vise mulighetene og utfordringene som ligger der.<\/p>\n\n\n\n<p>\u00abVerden blir bare mer kompleks, og det gjelder ogs\u00e5 for jernbanen. Digitalisering, kunstig intelligens, strengere milj\u00f8krav gj\u00f8r at vi m\u00e5 ha et sterkt fokus p\u00e5 kompetanse, og denne arenaen viser hvor mye spennende som skjer av utvikling og forskning innen jernbanesektoren.\u00bb forteller Leder for Konnekt, Trond Michael Andersen.<\/p>\n\n\n\n<h2 class=\"wp-block-heading\" id=\"h-ofotbanen-i-sentrum\">Ofotbanen i sentrum<\/h2>\n\n\n\n<p>Naturlig nok var Ofotbanen og Nordlandsbanen i fokus under seminaret. Kapasitetsbehov, Ofotbanen som testarena, l\u00f8sninger for sn\u00f8overbygg og kompetansebehov var alle temaer som ble lagt fram fra Bane NOR, Indira, UiT, Narvik havn og LKAB.<\/p>\n\n\n\n<p>\u00abOfotbanen og Nordlandsbanen er vitale livs\u00e5rer og sv\u00e6rt viktige for samarbeidet i nord.\u00bb sier J\u00f8rn Eldby, leder for BA-senteret ved UiT Norges arktiske universitet, og fortsetter. \u00abI tillegg til \u00e5 v\u00e6re en livsviktig transport\u00e5re for jernmalmen fra gruvene p\u00e5 svensk side og til utskipningshavnen i Narvik, er Ofotbanen spesielt viktig for transporten av matvarer og gods nordover, og sj\u00f8mat s\u00f8rover, gjennom Sverige til Oslo og europeiske destinasjoner. Transportbehovet \u00f8st vest er ogs\u00e5 sterkt \u00f8kende som f\u00f8lge av den kraftige industriutviklingen p\u00e5 Nordkalotten, og betydningen av Ofotbanen blir ikke mindre viktig i \u00e5rene som kommer n\u00e5 som b\u00e5de Finland og Sverige blir medlemmer av NATO.\u00bb&nbsp;<\/p>\n\n\n\n<h2 class=\"wp-block-heading\" id=\"h-studentmedvirkning\">Studentmedvirkning<\/h2>\n\n\n\n<p>Et 30-talls studenter fra ingeni\u00f8rstudiene ved UiT var til stede og deltok under hele arrangementet for \u00e5 l\u00e6re om prosjektene og mulighetene som finnes. Studentene deltok ogs\u00e5 i gruppearbeid om hvordan vi kan skape st\u00f8rre interesse for jernbanen, og ikke minst hvordan studiestedene bedre kan samarbeide p\u00e5 tvers av institusjonene.<\/p>\n\n\n\n<p>\u00abStudentene er viktige!\u00bb Bedyrer Andersen, f\u00f8r han legger til. \u00abVi er avhengig av \u00e5 lytte til fremtiden slik at vi er sikre p\u00e5 \u00e5 skape en interesse og et engasjement blant de unge. Her f\u00e5r vi ogs\u00e5 vist fram alt det interessante som foreg\u00e5r innenfor v\u00e5r sektor.\u00bb<\/p>\n\n\n\n<h2 class=\"wp-block-heading\" id=\"h-europa-ser-til-nord\">Europa ser til nord<\/h2>\n\n\n\n<p>Norsk jernbanesektor ledet an av&nbsp;<a href=\"https:\/\/www.jernbanedirektoratet.no\/jernbanen-i-norge\/jernbanen-i-framtida\/europes-rail\/\" target=\"_blank\" rel=\"noreferrer noopener\">Jernbanedirektoratet er med i Europe\u2019s Rail&nbsp;<\/a>\u2013 tidenes st\u00f8rste innovasjonsprogram p\u00e5 jernbane hvor de seks f\u00f8rste prosjektene til en verdi opp mot 600 millioner euro n\u00e5 er i gang. Prosjektene skaper et enormt l\u00f8ft for jernbanen og skal se p\u00e5 innovative l\u00f8sninger som kommer Norge og hele Europa til gode, og Ofotbanen st\u00e5r sentralt og skal brukes som testarena i flere prosjekter.<\/p>\n\n\n\n<p>\u00abEurope\u2019s Rail best\u00e5r av seks innovasjonsprosjekter som skal jobbe med trafikk- og mobilitetsstyring, digitale og automatiserte operasjoner, b\u00e6rekraftige l\u00f8sninger, smart vedlikehold, gods og revitalisering av linjer.\u00bb Forteller programleder for Europe\u2019s Rail Preben S\u00e6thre i Jernbanedirektoratet f\u00f8r han legger til. \u00abVi ser fram til \u00e5 ha en rekke demonstrasjoner p\u00e5 Ofotbanen i tiden framover. Ofotbanen er unikt i verdenssammenheng, det finnes ikke en bane i verden som utsettes for st\u00f8rre p\u00e5kjenning samtidig som den ligger i et ekstremt klima. If it works here, it works everywhere!\u00bb<\/p>\n\n\n\n<h2 class=\"wp-block-heading\" id=\"h-arlig-samling\">\u00c5rlig samling<\/h2>\n\n\n\n<p>Nasjonalt jernbaneseminar er en arena for \u00e5 samle akademia og sektoren for \u00e5 \u00f8ke samarbeidet innen jernbanen, b\u00e5de p\u00e5 tvers av institusjonene som tilbyr jernbanefag og sektoren. Studentinvolvering i FoU-prosjekter, master- og bacheloroppgaver og sommerjobber er viktig for rekruttering til bransjen i \u00e5rene som kommer, og av den grunn har vi etablert seminaret som vil bli arrangert \u00e5rlig. Seminaret vil g\u00e5 p\u00e5 rundgang mellom universitetene og neste \u00e5r er det OsloMet som vil st\u00e5 som arrang\u00f8r sammen med Konnekt.<\/p>\n\n\n\n\t\t\t\t\n\t\t\t\t<div class=\"wp-block-group alignwide has-global-padding is-layout-constrained wp-block-group-is-layout-constrained\">\n\n\t\t\t\t\t\n\t\t\t\t\t<h2 class=\"wp-block-heading alignwide\">Relaterte artikler<\/h2>\n\t\t\t\t\t\n\n\t\t\t\t\t<div class=\"t2-featured-content-layout alignwide alignwide wp-block-t2-featured-content-layout\">\n\n\t\t\t\t\t\t<div class=\"t2-featured-query-post t2-featured-content is-post-type-post category-ukategorisert wp-block-t2-featured-query-post\"><a class=\"t2-post-link wp-block-t2-post-link\" href=\"https:\/\/www.jernbanedirektoratet.no\/konnekt\/nyheter\/inngar-strategisk-samarbeid-med-hogskolen-i-ostfold\/\">\n<figure style=\"--t2-focal-point: 50% 50%;\" class=\"t2-post-featured-image has-image-ratio-16-9 wp-block-t2-post-featured-image\"><img loading=\"lazy\" decoding=\"async\" width=\"2560\" height=\"1077\" src=\"https:\/\/www.jernbanedirektoratet.no\/content\/uploads\/sites\/3\/2026\/04\/toppbilde-scaled.jpg\" class=\"attachment-post-thumbnail size-post-thumbnail wp-post-image\" alt=\"\" srcset=\"https:\/\/www.jernbanedirektoratet.no\/content\/uploads\/sites\/3\/2026\/04\/toppbilde-scaled.jpg 2560w, https:\/\/www.jernbanedirektoratet.no\/content\/uploads\/sites\/3\/2026\/04\/toppbilde-300x126.jpg 300w, https:\/\/www.jernbanedirektoratet.no\/content\/uploads\/sites\/3\/2026\/04\/toppbilde-1024x431.jpg 1024w, https:\/\/www.jernbanedirektoratet.no\/content\/uploads\/sites\/3\/2026\/04\/toppbilde-768x323.jpg 768w, https:\/\/www.jernbanedirektoratet.no\/content\/uploads\/sites\/3\/2026\/04\/toppbilde-1536x646.jpg 1536w, https:\/\/www.jernbanedirektoratet.no\/content\/uploads\/sites\/3\/2026\/04\/toppbilde-2048x862.jpg 2048w\" sizes=\"auto, (min-width: 1200px) 378px, (min-width: 700px) 33vw, 300px\" \/><\/figure>\n\n\n\t\t<div class=\"t2-post-link-content wp-block-t2-wrapper\">\n\n\n\t\t<div class=\"card-meta wp-block-t2-wrapper\">\n<div class=\"wp-block-post-date\"><time datetime=\"2026-04-23T10:28:01+02:00\">23. april 2026<\/time><\/div>\n<div class=\"taxonomy-category wp-block-post-terms\"><\/div>\n<\/div>\n\n<h3 class=\"t2-post-title wp-block-t2-post-title\">Inng\u00e5r strategisk samarbeid med H\u00f8gskolen i \u00d8stfold<\/h3>\n\n<\/div>\n\n<\/a>\n<\/div>\n\n\t\t\t\t\t\t<div class=\"t2-featured-query-post t2-featured-content is-post-type-post category-ukategorisert wp-block-t2-featured-query-post\"><a class=\"t2-post-link wp-block-t2-post-link\" href=\"https:\/\/www.jernbanedirektoratet.no\/konnekt\/nyheter\/planlegging-for-mobilitet-pa-sykkel-nytt-videreutdanningskurs-fra-ntnu\/\">\n<figure style=\"--t2-focal-point: 50% 50%;\" class=\"t2-post-featured-image has-image-ratio-16-9 wp-block-t2-post-featured-image\"><img loading=\"lazy\" decoding=\"async\" width=\"2560\" height=\"1703\" src=\"https:\/\/www.jernbanedirektoratet.no\/content\/uploads\/sites\/3\/2025\/11\/OYG25288_-_Ski_stSykkelhotell-scaled.jpg\" class=\"attachment-post-thumbnail size-post-thumbnail wp-post-image\" alt=\"\" srcset=\"https:\/\/www.jernbanedirektoratet.no\/content\/uploads\/sites\/3\/2025\/11\/OYG25288_-_Ski_stSykkelhotell-scaled.jpg 2560w, https:\/\/www.jernbanedirektoratet.no\/content\/uploads\/sites\/3\/2025\/11\/OYG25288_-_Ski_stSykkelhotell-300x200.jpg 300w, https:\/\/www.jernbanedirektoratet.no\/content\/uploads\/sites\/3\/2025\/11\/OYG25288_-_Ski_stSykkelhotell-1024x681.jpg 1024w, https:\/\/www.jernbanedirektoratet.no\/content\/uploads\/sites\/3\/2025\/11\/OYG25288_-_Ski_stSykkelhotell-768x511.jpg 768w, https:\/\/www.jernbanedirektoratet.no\/content\/uploads\/sites\/3\/2025\/11\/OYG25288_-_Ski_stSykkelhotell-1536x1022.jpg 1536w, https:\/\/www.jernbanedirektoratet.no\/content\/uploads\/sites\/3\/2025\/11\/OYG25288_-_Ski_stSykkelhotell-2048x1363.jpg 2048w\" sizes=\"auto, (min-width: 1200px) 378px, (min-width: 700px) 33vw, 300px\" \/><\/figure>\n\n\n\t\t<div class=\"t2-post-link-content wp-block-t2-wrapper\">\n\n\n\t\t<div class=\"card-meta wp-block-t2-wrapper\">\n<div class=\"wp-block-post-date\"><time datetime=\"2025-11-28T09:28:25+01:00\">28. november 2025<\/time><\/div>\n<div class=\"taxonomy-category wp-block-post-terms\"><\/div>\n<\/div>\n\n<h3 class=\"t2-post-title wp-block-t2-post-title\">Planlegging for mobilitet p\u00e5 sykkel \u2013 nytt videreutdanningskurs fra NTNU<\/h3>\n\n<\/div>\n\n<\/a>\n<\/div>\n\n\t\t\t\t\t\t<div class=\"t2-featured-query-post t2-featured-content is-post-type-post category-ukategorisert wp-block-t2-featured-query-post\"><a class=\"t2-post-link wp-block-t2-post-link\" href=\"https:\/\/www.jernbanedirektoratet.no\/konnekt\/nyheter\/tarald-odegard-foss-tildeles-baerekraftsprisen-ved-nmbu\/\">\n<figure style=\"--t2-focal-point: 50% 50%;\" class=\"t2-post-featured-image has-image-ratio-16-9 wp-block-t2-post-featured-image\"><img loading=\"lazy\" decoding=\"async\" width=\"1163\" height=\"624\" src=\"https:\/\/www.jernbanedirektoratet.no\/content\/uploads\/sites\/3\/2025\/11\/tarald-odegard-foss.png\" class=\"attachment-post-thumbnail size-post-thumbnail wp-post-image\" alt=\"\" srcset=\"https:\/\/www.jernbanedirektoratet.no\/content\/uploads\/sites\/3\/2025\/11\/tarald-odegard-foss.png 1163w, https:\/\/www.jernbanedirektoratet.no\/content\/uploads\/sites\/3\/2025\/11\/tarald-odegard-foss-300x161.png 300w, https:\/\/www.jernbanedirektoratet.no\/content\/uploads\/sites\/3\/2025\/11\/tarald-odegard-foss-1024x549.png 1024w, https:\/\/www.jernbanedirektoratet.no\/content\/uploads\/sites\/3\/2025\/11\/tarald-odegard-foss-768x412.png 768w\" sizes=\"auto, (min-width: 1200px) 378px, (min-width: 700px) 33vw, 300px\" \/><\/figure>\n\n\n\t\t<div class=\"t2-post-link-content wp-block-t2-wrapper\">\n\n\n\t\t<div class=\"card-meta wp-block-t2-wrapper\">\n<div class=\"wp-block-post-date\"><time datetime=\"2025-11-24T08:28:16+01:00\">24. november 2025<\/time><\/div>\n<div class=\"taxonomy-category wp-block-post-terms\"><\/div>\n<\/div>\n\n<h3 class=\"t2-post-title wp-block-t2-post-title\">Tarald \u00d8deg\u00e5rd Foss tildeles b\u00e6rekraftsprisen ved NMBU<\/h3>\n\n<\/div>\n\n<\/a>\n<\/div>\n\t\t\t\t\t<\/div>\n\t\t\t\t<\/div>\n\t\t\t\t\n\t\t\t\n\n\n\t\t<div class=\"t2-factbox wp-block-t2-factbox\" id=\"t2-factbox\">\n\t\t\t<div class=\"t2-factbox__content\">\n\t\t\t\t<div class=\"t2-factbox__blocks t2-factbox__inner-container\">\n\t\t\t\t\t\n\n<h3 class=\"wp-block-heading\" id=\"h-onsker-du-a-bli-med-i-oslo-i-2025\">\u00d8nsker du \u00e5 bli med i Oslo i 2025?<\/h3>\n\n\n\n<p>Ta kontakt om du \u00f8nsker \u00e5 delta, eller har innspill til jernbaneteknisk seminar i 2025.<\/p>\n\n\n\n<p>Kontaktinfo:<\/p>\n\n\n\n<p>Petter Aanonsen, kommunikasjonsr\u00e5dgiver<\/p>\n\n\n\n<p><a href=\"mailto:petter@konnekt.no\">petter@konnekt.no<\/a><\/p>\n\n\n\n<p> <\/p>\n\n\n\t\t\t\t<\/div>\n\t\t\t\t\n\t\t\t<\/div>\n\t\t\t\n\t\t<\/div>","protected":false},"excerpt":{"rendered":"<p>Konnekt og\u00a0UiT Norges arktiske universitet\u00a0samlet over 70 akt\u00f8rer fra jernbanesektoren og studenter for \u00e5 l\u00e6re av hverandre og \u00f8ke samarbeidet om utdanning.<\/p>\n","protected":false},"author":14,"featured_media":2280,"comment_status":"closed","ping_status":"closed","sticky":false,"template":"","format":"standard","meta":{"post_sublanguage":"","footnotes":""},"categories":[1],"tags":[50,55,54,56,57,36,53,38],"class_list":["post-2279","post","type-post","status-publish","format-standard","has-post-thumbnail","hentry","category-ukategorisert","tag-bane-nor","tag-lkab","tag-narvik","tag-nord-norgebanen","tag-ofotbanen","tag-uit","tag-uit-norges-arktiske-universitet","tag-utdanning"],"yoast_head":"<!-- This site is optimized with the Yoast SEO Premium plugin v25.3 (Yoast SEO v25.3) - https:\/\/yoast.com\/wordpress\/plugins\/seo\/ -->\n<title>Samles for jernbanekompetansen - Konnekt<\/title>\n<meta name=\"robots\" content=\"index, follow, max-snippet:-1, max-image-preview:large, max-video-preview:-1\" \/>\n<link rel=\"canonical\" href=\"https:\/\/www.jernbanedirektoratet.no\/konnekt\/nyheter\/samles-for-jernbanekompetansen\/\" \/>\n<meta property=\"og:locale\" content=\"nb_NO\" \/>\n<meta property=\"og:type\" content=\"article\" \/>\n<meta property=\"og:title\" content=\"Samles for jernbanekompetansen\" \/>\n<meta property=\"og:description\" content=\"Konnekt og\u00a0UiT Norges arktiske universitet\u00a0samlet over 70 akt\u00f8rer fra jernbanesektoren og studenter for \u00e5 l\u00e6re av hverandre og \u00f8ke samarbeidet om utdanning.\" \/>\n<meta property=\"og:url\" content=\"https:\/\/www.jernbanedirektoratet.no\/konnekt\/nyheter\/samles-for-jernbanekompetansen\/\" \/>\n<meta property=\"og:site_name\" content=\"Konnekt\" \/>\n<meta property=\"article:published_time\" content=\"2024-02-21T09:06:27+00:00\" \/>\n<meta property=\"article:modified_time\" content=\"2024-02-23T09:32:38+00:00\" \/>\n<meta property=\"og:image\" content=\"https:\/\/www.jernbanedirektoratet.no\/content\/uploads\/sites\/3\/2024\/02\/foredrag-bane-nor-scaled.jpg\" \/>\n\t<meta property=\"og:image:width\" content=\"2560\" \/>\n\t<meta property=\"og:image:height\" content=\"1585\" \/>\n\t<meta property=\"og:image:type\" content=\"image\/jpeg\" \/>\n<meta name=\"author\" content=\"Petter Karl Aanonsen\" \/>\n<meta name=\"twitter:card\" content=\"summary_large_image\" \/>\n<meta name=\"twitter:label1\" content=\"Skrevet av\" \/>\n\t<meta name=\"twitter:data1\" content=\"Petter Karl Aanonsen\" \/>\n\t<meta name=\"twitter:label2\" content=\"Ansl. lesetid\" \/>\n\t<meta name=\"twitter:data2\" content=\"8 minutter\" \/>\n<script type=\"application\/ld+json\" class=\"yoast-schema-graph\">{\"@context\":\"https:\/\/schema.org\",\"@graph\":[{\"@type\":\"Article\",\"@id\":\"https:\/\/www.jernbanedirektoratet.no\/konnekt\/nyheter\/samles-for-jernbanekompetansen\/#article\",\"isPartOf\":{\"@id\":\"https:\/\/www.jernbanedirektoratet.no\/konnekt\/nyheter\/samles-for-jernbanekompetansen\/\"},\"author\":{\"name\":\"Petter Karl Aanonsen\",\"@id\":\"https:\/\/www.jernbanedirektoratet.no\/konnekt\/#\/schema\/person\/e6cfe67f0eaf40de21249ed37961b5da\"},\"headline\":\"Samles for jernbanekompetansen\",\"datePublished\":\"2024-02-21T09:06:27+00:00\",\"dateModified\":\"2024-02-23T09:32:38+00:00\",\"mainEntityOfPage\":{\"@id\":\"https:\/\/www.jernbanedirektoratet.no\/konnekt\/nyheter\/samles-for-jernbanekompetansen\/\"},\"wordCount\":668,\"publisher\":{\"@id\":\"https:\/\/www.jernbanedirektoratet.no\/konnekt\/#organization\"},\"image\":{\"@id\":\"https:\/\/www.jernbanedirektoratet.no\/konnekt\/nyheter\/samles-for-jernbanekompetansen\/#primaryimage\"},\"thumbnailUrl\":\"https:\/\/www.jernbanedirektoratet.no\/content\/uploads\/sites\/3\/2024\/02\/foredrag-bane-nor-scaled.jpg\",\"keywords\":[\"bane nor\",\"LKAB\",\"Narvik\",\"Nord norgebanen\",\"Ofotbanen\",\"UiT\",\"UiT Norges arktiske universitet\",\"utdanning\"],\"inLanguage\":\"nb-NO\"},{\"@type\":\"WebPage\",\"@id\":\"https:\/\/www.jernbanedirektoratet.no\/konnekt\/nyheter\/samles-for-jernbanekompetansen\/\",\"url\":\"https:\/\/www.jernbanedirektoratet.no\/konnekt\/nyheter\/samles-for-jernbanekompetansen\/\",\"name\":\"Samles for jernbanekompetansen - Konnekt\",\"isPartOf\":{\"@id\":\"https:\/\/www.jernbanedirektoratet.no\/konnekt\/#website\"},\"primaryImageOfPage\":{\"@id\":\"https:\/\/www.jernbanedirektoratet.no\/konnekt\/nyheter\/samles-for-jernbanekompetansen\/#primaryimage\"},\"image\":{\"@id\":\"https:\/\/www.jernbanedirektoratet.no\/konnekt\/nyheter\/samles-for-jernbanekompetansen\/#primaryimage\"},\"thumbnailUrl\":\"https:\/\/www.jernbanedirektoratet.no\/content\/uploads\/sites\/3\/2024\/02\/foredrag-bane-nor-scaled.jpg\",\"datePublished\":\"2024-02-21T09:06:27+00:00\",\"dateModified\":\"2024-02-23T09:32:38+00:00\",\"breadcrumb\":{\"@id\":\"https:\/\/www.jernbanedirektoratet.no\/konnekt\/nyheter\/samles-for-jernbanekompetansen\/#breadcrumb\"},\"inLanguage\":\"nb-NO\",\"potentialAction\":[{\"@type\":\"ReadAction\",\"target\":[\"https:\/\/www.jernbanedirektoratet.no\/konnekt\/nyheter\/samles-for-jernbanekompetansen\/\"]}]},{\"@type\":\"ImageObject\",\"inLanguage\":\"nb-NO\",\"@id\":\"https:\/\/www.jernbanedirektoratet.no\/konnekt\/nyheter\/samles-for-jernbanekompetansen\/#primaryimage\",\"url\":\"https:\/\/www.jernbanedirektoratet.no\/content\/uploads\/sites\/3\/2024\/02\/foredrag-bane-nor-scaled.jpg\",\"contentUrl\":\"https:\/\/www.jernbanedirektoratet.no\/content\/uploads\/sites\/3\/2024\/02\/foredrag-bane-nor-scaled.jpg\",\"width\":2560,\"height\":1585},{\"@type\":\"BreadcrumbList\",\"@id\":\"https:\/\/www.jernbanedirektoratet.no\/konnekt\/nyheter\/samles-for-jernbanekompetansen\/#breadcrumb\",\"itemListElement\":[{\"@type\":\"ListItem\",\"position\":1,\"name\":\"Hjem\",\"item\":\"https:\/\/www.jernbanedirektoratet.no\/konnekt\/\"},{\"@type\":\"ListItem\",\"position\":2,\"name\":\"Samles for jernbanekompetansen\"}]},{\"@type\":\"WebSite\",\"@id\":\"https:\/\/www.jernbanedirektoratet.no\/konnekt\/#website\",\"url\":\"https:\/\/www.jernbanedirektoratet.no\/konnekt\/\",\"name\":\"Konnekt\",\"description\":\"\",\"publisher\":{\"@id\":\"https:\/\/www.jernbanedirektoratet.no\/konnekt\/#organization\"},\"potentialAction\":[{\"@type\":\"SearchAction\",\"target\":{\"@type\":\"EntryPoint\",\"urlTemplate\":\"https:\/\/www.jernbanedirektoratet.no\/konnekt\/?s={search_term_string}\"},\"query-input\":{\"@type\":\"PropertyValueSpecification\",\"valueRequired\":true,\"valueName\":\"search_term_string\"}}],\"inLanguage\":\"nb-NO\"},{\"@type\":\"Organization\",\"@id\":\"https:\/\/www.jernbanedirektoratet.no\/konnekt\/#organization\",\"name\":\"Konnekt\",\"url\":\"https:\/\/www.jernbanedirektoratet.no\/konnekt\/\",\"logo\":{\"@type\":\"ImageObject\",\"inLanguage\":\"nb-NO\",\"@id\":\"https:\/\/www.jernbanedirektoratet.no\/konnekt\/#\/schema\/logo\/image\/\",\"url\":\"https:\/\/www.jernbanedirektoratet.no\/content\/uploads\/sites\/3\/2024\/01\/logo-konnekt.svg\",\"contentUrl\":\"https:\/\/www.jernbanedirektoratet.no\/content\/uploads\/sites\/3\/2024\/01\/logo-konnekt.svg\",\"caption\":\"Konnekt\"},\"image\":{\"@id\":\"https:\/\/www.jernbanedirektoratet.no\/konnekt\/#\/schema\/logo\/image\/\"}},{\"@type\":\"Person\",\"@id\":\"https:\/\/www.jernbanedirektoratet.no\/konnekt\/#\/schema\/person\/e6cfe67f0eaf40de21249ed37961b5da\",\"name\":\"Petter Karl Aanonsen\",\"image\":{\"@type\":\"ImageObject\",\"inLanguage\":\"nb-NO\",\"@id\":\"https:\/\/www.jernbanedirektoratet.no\/konnekt\/#\/schema\/person\/image\/\",\"url\":\"https:\/\/secure.gravatar.com\/avatar\/9c7a8c3dfcd325732cbbb55fa4b731c6c03b273c06a47cdcc7e43105eb0ee964?s=96&d=mm&r=g\",\"contentUrl\":\"https:\/\/secure.gravatar.com\/avatar\/9c7a8c3dfcd325732cbbb55fa4b731c6c03b273c06a47cdcc7e43105eb0ee964?s=96&d=mm&r=g\",\"caption\":\"Petter Karl Aanonsen\"}}]}<\/script>\n<!-- \/ Yoast SEO Premium plugin. -->","yoast_head_json":{"title":"Samles for jernbanekompetansen - Konnekt","robots":{"index":"index","follow":"follow","max-snippet":"max-snippet:-1","max-image-preview":"max-image-preview:large","max-video-preview":"max-video-preview:-1"},"canonical":"https:\/\/www.jernbanedirektoratet.no\/konnekt\/nyheter\/samles-for-jernbanekompetansen\/","og_locale":"nb_NO","og_type":"article","og_title":"Samles for jernbanekompetansen","og_description":"Konnekt og\u00a0UiT Norges arktiske universitet\u00a0samlet over 70 akt\u00f8rer fra jernbanesektoren og studenter for \u00e5 l\u00e6re av hverandre og \u00f8ke samarbeidet om utdanning.","og_url":"https:\/\/www.jernbanedirektoratet.no\/konnekt\/nyheter\/samles-for-jernbanekompetansen\/","og_site_name":"Konnekt","article_published_time":"2024-02-21T09:06:27+00:00","article_modified_time":"2024-02-23T09:32:38+00:00","og_image":[{"width":2560,"height":1585,"url":"https:\/\/www.jernbanedirektoratet.no\/content\/uploads\/sites\/3\/2024\/02\/foredrag-bane-nor-scaled.jpg","type":"image\/jpeg"}],"author":"Petter Karl Aanonsen","twitter_card":"summary_large_image","twitter_misc":{"Skrevet av":"Petter Karl Aanonsen","Ansl. lesetid":"8 minutter"},"schema":{"@context":"https:\/\/schema.org","@graph":[{"@type":"Article","@id":"https:\/\/www.jernbanedirektoratet.no\/konnekt\/nyheter\/samles-for-jernbanekompetansen\/#article","isPartOf":{"@id":"https:\/\/www.jernbanedirektoratet.no\/konnekt\/nyheter\/samles-for-jernbanekompetansen\/"},"author":{"name":"Petter Karl Aanonsen","@id":"https:\/\/www.jernbanedirektoratet.no\/konnekt\/#\/schema\/person\/e6cfe67f0eaf40de21249ed37961b5da"},"headline":"Samles for jernbanekompetansen","datePublished":"2024-02-21T09:06:27+00:00","dateModified":"2024-02-23T09:32:38+00:00","mainEntityOfPage":{"@id":"https:\/\/www.jernbanedirektoratet.no\/konnekt\/nyheter\/samles-for-jernbanekompetansen\/"},"wordCount":668,"publisher":{"@id":"https:\/\/www.jernbanedirektoratet.no\/konnekt\/#organization"},"image":{"@id":"https:\/\/www.jernbanedirektoratet.no\/konnekt\/nyheter\/samles-for-jernbanekompetansen\/#primaryimage"},"thumbnailUrl":"https:\/\/www.jernbanedirektoratet.no\/content\/uploads\/sites\/3\/2024\/02\/foredrag-bane-nor-scaled.jpg","keywords":["bane nor","LKAB","Narvik","Nord norgebanen","Ofotbanen","UiT","UiT Norges arktiske universitet","utdanning"],"inLanguage":"nb-NO"},{"@type":"WebPage","@id":"https:\/\/www.jernbanedirektoratet.no\/konnekt\/nyheter\/samles-for-jernbanekompetansen\/","url":"https:\/\/www.jernbanedirektoratet.no\/konnekt\/nyheter\/samles-for-jernbanekompetansen\/","name":"Samles for jernbanekompetansen - Konnekt","isPartOf":{"@id":"https:\/\/www.jernbanedirektoratet.no\/konnekt\/#website"},"primaryImageOfPage":{"@id":"https:\/\/www.jernbanedirektoratet.no\/konnekt\/nyheter\/samles-for-jernbanekompetansen\/#primaryimage"},"image":{"@id":"https:\/\/www.jernbanedirektoratet.no\/konnekt\/nyheter\/samles-for-jernbanekompetansen\/#primaryimage"},"thumbnailUrl":"https:\/\/www.jernbanedirektoratet.no\/content\/uploads\/sites\/3\/2024\/02\/foredrag-bane-nor-scaled.jpg","datePublished":"2024-02-21T09:06:27+00:00","dateModified":"2024-02-23T09:32:38+00:00","breadcrumb":{"@id":"https:\/\/www.jernbanedirektoratet.no\/konnekt\/nyheter\/samles-for-jernbanekompetansen\/#breadcrumb"},"inLanguage":"nb-NO","potentialAction":[{"@type":"ReadAction","target":["https:\/\/www.jernbanedirektoratet.no\/konnekt\/nyheter\/samles-for-jernbanekompetansen\/"]}]},{"@type":"ImageObject","inLanguage":"nb-NO","@id":"https:\/\/www.jernbanedirektoratet.no\/konnekt\/nyheter\/samles-for-jernbanekompetansen\/#primaryimage","url":"https:\/\/www.jernbanedirektoratet.no\/content\/uploads\/sites\/3\/2024\/02\/foredrag-bane-nor-scaled.jpg","contentUrl":"https:\/\/www.jernbanedirektoratet.no\/content\/uploads\/sites\/3\/2024\/02\/foredrag-bane-nor-scaled.jpg","width":2560,"height":1585},{"@type":"BreadcrumbList","@id":"https:\/\/www.jernbanedirektoratet.no\/konnekt\/nyheter\/samles-for-jernbanekompetansen\/#breadcrumb","itemListElement":[{"@type":"ListItem","position":1,"name":"Hjem","item":"https:\/\/www.jernbanedirektoratet.no\/konnekt\/"},{"@type":"ListItem","position":2,"name":"Samles for jernbanekompetansen"}]},{"@type":"WebSite","@id":"https:\/\/www.jernbanedirektoratet.no\/konnekt\/#website","url":"https:\/\/www.jernbanedirektoratet.no\/konnekt\/","name":"Konnekt","description":"","publisher":{"@id":"https:\/\/www.jernbanedirektoratet.no\/konnekt\/#organization"},"potentialAction":[{"@type":"SearchAction","target":{"@type":"EntryPoint","urlTemplate":"https:\/\/www.jernbanedirektoratet.no\/konnekt\/?s={search_term_string}"},"query-input":{"@type":"PropertyValueSpecification","valueRequired":true,"valueName":"search_term_string"}}],"inLanguage":"nb-NO"},{"@type":"Organization","@id":"https:\/\/www.jernbanedirektoratet.no\/konnekt\/#organization","name":"Konnekt","url":"https:\/\/www.jernbanedirektoratet.no\/konnekt\/","logo":{"@type":"ImageObject","inLanguage":"nb-NO","@id":"https:\/\/www.jernbanedirektoratet.no\/konnekt\/#\/schema\/logo\/image\/","url":"https:\/\/www.jernbanedirektoratet.no\/content\/uploads\/sites\/3\/2024\/01\/logo-konnekt.svg","contentUrl":"https:\/\/www.jernbanedirektoratet.no\/content\/uploads\/sites\/3\/2024\/01\/logo-konnekt.svg","caption":"Konnekt"},"image":{"@id":"https:\/\/www.jernbanedirektoratet.no\/konnekt\/#\/schema\/logo\/image\/"}},{"@type":"Person","@id":"https:\/\/www.jernbanedirektoratet.no\/konnekt\/#\/schema\/person\/e6cfe67f0eaf40de21249ed37961b5da","name":"Petter Karl Aanonsen","image":{"@type":"ImageObject","inLanguage":"nb-NO","@id":"https:\/\/www.jernbanedirektoratet.no\/konnekt\/#\/schema\/person\/image\/","url":"https:\/\/secure.gravatar.com\/avatar\/9c7a8c3dfcd325732cbbb55fa4b731c6c03b273c06a47cdcc7e43105eb0ee964?s=96&d=mm&r=g","contentUrl":"https:\/\/secure.gravatar.com\/avatar\/9c7a8c3dfcd325732cbbb55fa4b731c6c03b273c06a47cdcc7e43105eb0ee964?s=96&d=mm&r=g","caption":"Petter Karl Aanonsen"}}]}},"_links":{"self":[{"href":"https:\/\/www.jernbanedirektoratet.no\/konnekt\/wp-json\/wp\/v2\/posts\/2279","targetHints":{"allow":["GET"]}}],"collection":[{"href":"https:\/\/www.jernbanedirektoratet.no\/konnekt\/wp-json\/wp\/v2\/posts"}],"about":[{"href":"https:\/\/www.jernbanedirektoratet.no\/konnekt\/wp-json\/wp\/v2\/types\/post"}],"author":[{"embeddable":true,"href":"https:\/\/www.jernbanedirektoratet.no\/konnekt\/wp-json\/wp\/v2\/users\/14"}],"replies":[{"embeddable":true,"href":"https:\/\/www.jernbanedirektoratet.no\/konnekt\/wp-json\/wp\/v2\/comments?post=2279"}],"version-history":[{"count":5,"href":"https:\/\/www.jernbanedirektoratet.no\/konnekt\/wp-json\/wp\/v2\/posts\/2279\/revisions"}],"predecessor-version":[{"id":2386,"href":"https:\/\/www.jernbanedirektoratet.no\/konnekt\/wp-json\/wp\/v2\/posts\/2279\/revisions\/2386"}],"wp:featuredmedia":[{"embeddable":true,"href":"https:\/\/www.jernbanedirektoratet.no\/konnekt\/wp-json\/wp\/v2\/media\/2280"}],"wp:attachment":[{"href":"https:\/\/www.jernbanedirektoratet.no\/konnekt\/wp-json\/wp\/v2\/media?parent=2279"}],"wp:term":[{"taxonomy":"category","embeddable":true,"href":"https:\/\/www.jernbanedirektoratet.no\/konnekt\/wp-json\/wp\/v2\/categories?post=2279"},{"taxonomy":"post_tag","embeddable":true,"href":"https:\/\/www.jernbanedirektoratet.no\/konnekt\/wp-json\/wp\/v2\/tags?post=2279"}],"curies":[{"name":"wp","href":"https:\/\/api.w.org\/{rel}","templated":true}]}}