{"id":3301,"date":"2026-04-23T10:28:01","date_gmt":"2026-04-23T08:28:01","guid":{"rendered":"https:\/\/www.jernbanedirektoratet.no\/konnekt\/?p=3301"},"modified":"2026-04-23T10:28:02","modified_gmt":"2026-04-23T08:28:02","slug":"inngar-strategisk-samarbeid-med-hogskolen-i-ostfold","status":"publish","type":"post","link":"https:\/\/www.jernbanedirektoratet.no\/konnekt\/nyheter\/inngar-strategisk-samarbeid-med-hogskolen-i-ostfold\/","title":{"rendered":"Inng\u00e5r strategisk samarbeid med H\u00f8gskolen i \u00d8stfold"},"content":{"rendered":"\n<div class=\"wp-block-cover alignfull is-light\"><span aria-hidden=\"true\" class=\"wp-block-cover__background has-background-dim-0 has-background-dim\" style=\"background-color:#c5c6c8\"><\/span><img loading=\"lazy\" decoding=\"async\" width=\"2560\" height=\"1077\" src=\"https:\/\/www.jernbanedirektoratet.no\/content\/uploads\/sites\/3\/2026\/04\/toppbilde-scaled.jpg\" class=\"wp-block-cover__image-background wp-post-image\" alt=\"\" data-object-fit=\"cover\" srcset=\"https:\/\/www.jernbanedirektoratet.no\/content\/uploads\/sites\/3\/2026\/04\/toppbilde-scaled.jpg 2560w, https:\/\/www.jernbanedirektoratet.no\/content\/uploads\/sites\/3\/2026\/04\/toppbilde-300x126.jpg 300w, https:\/\/www.jernbanedirektoratet.no\/content\/uploads\/sites\/3\/2026\/04\/toppbilde-1024x431.jpg 1024w, https:\/\/www.jernbanedirektoratet.no\/content\/uploads\/sites\/3\/2026\/04\/toppbilde-768x323.jpg 768w, https:\/\/www.jernbanedirektoratet.no\/content\/uploads\/sites\/3\/2026\/04\/toppbilde-1536x646.jpg 1536w, https:\/\/www.jernbanedirektoratet.no\/content\/uploads\/sites\/3\/2026\/04\/toppbilde-2048x862.jpg 2048w\" sizes=\"auto, (max-width: 2560px) 100vw, 2560px\" \/><div class=\"wp-block-cover__inner-container\"><h1 class=\"wp-block-post-title\">Inng\u00e5r strategisk samarbeid med H\u00f8gskolen i \u00d8stfold<\/h1>\n\n<p class=\"t2-ingress wp-block-t2-ingress\">H\u00f8gskolen i \u00d8stfold (Hi\u00d8) og Konnekt har inng\u00e5tt en samarbeidsavtale om et langsiktig samarbeid for \u00e5 styrke utdanning, forskning og kompetanseutvikling innen bygg-, veg- og transportfag. Samarbeidet skal bidra til \u00e5 m\u00f8te de \u00f8kende kompetansebehovene i norsk samferdselssektor. (foto: H\u00f8gskolen i \u00d8stfold, f.v. Marius Birkeland, Hi\u00d8 og Torbj\u00f8rn Haugen, Konnekt)<\/p><\/div><span class=\"t2-image-credit-name\">Bard Halvorsen<\/span><\/div>\n\n\n\n\t<div class=\"jernbanedirektoratet-byline wp-block-jernbanedirektoratet-byline\">\n\t\t\t\t\t<div class=\"jernbanedirektoratet-byline__names\">\n\t\t\t\t\t\t\t\t\t<div class=\"jernbanedirektoratet-byline__name\">\n\t\t\t\t\t<svg xmlns=\"http:\/\/www.w3.org\/2000\/svg\" viewBox=\"0 0 24 24\" height=\"24\" width=\"24\" class=\"t2-icon t2-icon-bullet\" aria-hidden=\"true\" focusable=\"false\"><path d=\"M9 9H15V15H9V9Z\" fill=\"currentColor\" \/><\/svg>Petter Karl Aanonsen\t\t\t\t\t<\/div>\n\t\t\t\t\t\t\t\t<\/div>\n\t\t\t\t\t\t\t<div class=\"jernbanedirektoratet-byline__time\">\n\t\t\t\t<time class=\"jernbanedirektoratet-byline__time__published\" datetime=\"2026-04-23T10:28:01+02:00\" >\n\t\t\t\t\tPublisert:\n\t\t\t\t\t23. april 2026\t\t\t\t<\/time>\n\n\t\t\t\t\t\t\t<\/div>\n\t\t\t<\/div>\n\t\n\n\n<p>Avtalen etablerer et rammeverk for faglig og strategisk samhandling, og legger til rette for en felles innsats for \u00e5 utvikle fremtidens arbeidskraft og l\u00f8sninger for transport- og infrastruktursektoren.<\/p>\n\n\n\n<blockquote class=\"wp-block-quote is-layout-flow wp-block-quote-is-layout-flow\"><svg xmlns=\"http:\/\/www.w3.org\/2000\/svg\" viewBox=\"0 0 24 24\" height=\"112\" width=\"138\" class=\"t2-icon t2-icon-quote svg-icon\" aria-hidden=\"true\" focusable=\"false\"><path d=\"M 24 21.782 L 14.959 21.782 L 14.959 15.314 C 14.959 12.344 15.212 10.339 15.672 8.825 C 16.133 7.314 16.964 6.251 18.209 5.05 C 19.453 3.849 21.04 2.905 22.97 2.218 L 23.306 3.432 C 20.761 4.177 18.961 5.585 17.816 7.483 C 17.129 8.62 16.408 9.807 16.441 12.74 L 23.998 12.74 L 23.998 21.781 L 24 21.782 Z M 9.041 21.782 L 0 21.782 L 0 15.314 C 0 12.344 0.253 10.339 0.714 8.825 C 1.174 7.314 2.005 6.251 3.25 5.05 C 4.494 3.85 6.081 2.906 8.011 2.219 L 8.347 3.434 C 5.802 4.179 4.002 5.586 2.857 7.485 C 2.17 8.622 1.449 9.808 1.482 12.741 L 9.04 12.741 L 9.04 21.782 L 9.041 21.782 Z\" fill=\"currentColor\" \/><\/svg>\n<p class=\"has-active-light-hover-background-color has-background\">\u00ab<em>M\u00e5let er \u00e5 l\u00f8fte kompetansen innen veg og transport og \u00e5 bidra til bedre infrastruktur og transportl\u00f8sninger for samfunnet\u00bb,<\/em> heter det i avtalen.<\/p>\n<\/blockquote>\n\n\n\n<p>\u00abSamarbeidet med Konnekt gir oss gode muligheter til \u00e5 videreutvikle utdanningstilbudet innen infrastruktur og samferdsel i tett samspill med bransjen, og styrker koblingen til arbeidslivet.\u00bb Forteller Marius Birkeland, assisterende instituttleder ved Institutt for ingeni\u00f8rfag ved H\u00f8gskolen i \u00d8stfold.<\/p>\n\n\n\n<div class=\"wp-block-media-text is-stacked-on-mobile\"><figure class=\"wp-block-media-text__media\"><img loading=\"lazy\" decoding=\"async\" width=\"1024\" height=\"683\" src=\"https:\/\/www.jernbanedirektoratet.no\/content\/uploads\/sites\/3\/2026\/04\/1O4A7760-1024x683.jpg\" alt=\"\" class=\"wp-image-3302 size-full\" srcset=\"https:\/\/www.jernbanedirektoratet.no\/content\/uploads\/sites\/3\/2026\/04\/1O4A7760-1024x683.jpg 1024w, https:\/\/www.jernbanedirektoratet.no\/content\/uploads\/sites\/3\/2026\/04\/1O4A7760-300x200.jpg 300w, https:\/\/www.jernbanedirektoratet.no\/content\/uploads\/sites\/3\/2026\/04\/1O4A7760-768x512.jpg 768w, https:\/\/www.jernbanedirektoratet.no\/content\/uploads\/sites\/3\/2026\/04\/1O4A7760-1536x1024.jpg 1536w, https:\/\/www.jernbanedirektoratet.no\/content\/uploads\/sites\/3\/2026\/04\/1O4A7760-2048x1365.jpg 2048w\" sizes=\"auto, (max-width: 1024px) 100vw, 1024px\" \/><span class=\"t2-image-credit-name\">Bard Halvorsen<\/span><\/figure><div class=\"wp-block-media-text__content\">\n<p>Under signeringen p\u00e5 Campus i Fredrikstad presenterte bachelorstudenter et veg-prosjekt de har jobbet med. <\/p>\n<\/div><\/div>\n\n\n\n<h2 class=\"wp-block-heading\" id=\"h-styrker-koblingen-mellom-studenter-og-arbeidsliv\">Styrker koblingen mellom studenter og arbeidsliv<\/h2>\n\n\n\n<p>Gjennom samarbeidet skal partene blant annet:<\/p>\n\n\n\n<ul class=\"wp-block-list\">\n<li>Ha regelmessig dialog om relevante utdannings- og fagomr\u00e5der<\/li>\n\n\n\n<li>\u00d8ke studentenes kontakt med bransjen gjennom gjesteforelesninger, prosjekter, ekskursjoner, felt- og laboratorieoppgaver<\/li>\n\n\n\n<li>Bidra til faglig utvikling, nettverk og kunnskapsdeling mellom akademia og n\u00e6ringsliv<\/li>\n\n\n\n<li>Samarbeide om seminarer, workshops, konferanser og innsiktsarbeid<\/li>\n<\/ul>\n\n\n\n<p>Alle tiltak konkretiseres gjennom \u00e5rlige handlingsplaner med tilh\u00f8rende budsjett.<\/p>\n\n\n\n<p>\u00abDette samarbeidet er strategisk viktig for b\u00e5de bransjen og utdanningsmilj\u00f8ene. Vi ser et \u00f8kende behov for kompetanse innen veg- og transportfag, og gjennom partnerskapet med H\u00f8gskolen i \u00d8stfold kan vi bidra til \u00e5 utvikle studieprogrammer og l\u00e6ringsarenaer som utdanner den kompetansen Norge trenger i \u00e5rene som kommer. For oss i Konnekt handler dette om \u00e5 bygge broer mellom utdanning og praksis \u2013 og sikre at studentene f\u00e5r innsikt, erfaring og relevans fra f\u00f8rste dag,\u00bb<\/p>\n\n\n\n<p>sier Trond Michael Andersen, leder i Konnekt, og legger til.<\/p>\n\n\n\n<p>\u00abHi\u00d8 har i tillegg ett sterkt milj\u00f8 innenfor KI-feltet, og vi er sikre p\u00e5 at vi kan skape gode koblinger mellom milj\u00f8et og samferdsel.\u00bb<\/p>\n\n\n\n<h2 class=\"wp-block-heading\" id=\"h-kontaktperson\">Kontaktperson<\/h2>\n\n\n\n\n\n\t\t\t\t\n\t\t\t\t<div class=\"wp-block-group alignwide has-global-padding is-layout-constrained wp-block-group-is-layout-constrained\">\n\n\t\t\t\t\t\n\t\t\t\t\t<h2 class=\"wp-block-heading alignwide\">Relaterte artikler<\/h2>\n\t\t\t\t\t\n\n\t\t\t\t\t<div class=\"t2-featured-content-layout alignwide alignwide wp-block-t2-featured-content-layout\">\n\n\t\t\t\t\t\t<div class=\"t2-featured-query-post t2-featured-content is-post-type-post category-ukategorisert wp-block-t2-featured-query-post\"><a class=\"t2-post-link wp-block-t2-post-link\" href=\"https:\/\/www.jernbanedirektoratet.no\/konnekt\/nyheter\/planlegging-for-mobilitet-pa-sykkel-nytt-videreutdanningskurs-fra-ntnu\/\">\n<figure style=\"--t2-focal-point: 50% 50%;\" class=\"t2-post-featured-image has-image-ratio-16-9 wp-block-t2-post-featured-image\"><img loading=\"lazy\" decoding=\"async\" width=\"2560\" height=\"1703\" src=\"https:\/\/www.jernbanedirektoratet.no\/content\/uploads\/sites\/3\/2025\/11\/OYG25288_-_Ski_stSykkelhotell-scaled.jpg\" class=\"attachment-post-thumbnail size-post-thumbnail wp-post-image\" alt=\"\" srcset=\"https:\/\/www.jernbanedirektoratet.no\/content\/uploads\/sites\/3\/2025\/11\/OYG25288_-_Ski_stSykkelhotell-scaled.jpg 2560w, https:\/\/www.jernbanedirektoratet.no\/content\/uploads\/sites\/3\/2025\/11\/OYG25288_-_Ski_stSykkelhotell-300x200.jpg 300w, https:\/\/www.jernbanedirektoratet.no\/content\/uploads\/sites\/3\/2025\/11\/OYG25288_-_Ski_stSykkelhotell-1024x681.jpg 1024w, https:\/\/www.jernbanedirektoratet.no\/content\/uploads\/sites\/3\/2025\/11\/OYG25288_-_Ski_stSykkelhotell-768x511.jpg 768w, https:\/\/www.jernbanedirektoratet.no\/content\/uploads\/sites\/3\/2025\/11\/OYG25288_-_Ski_stSykkelhotell-1536x1022.jpg 1536w, https:\/\/www.jernbanedirektoratet.no\/content\/uploads\/sites\/3\/2025\/11\/OYG25288_-_Ski_stSykkelhotell-2048x1363.jpg 2048w\" sizes=\"auto, (min-width: 1200px) 378px, (min-width: 700px) 33vw, 300px\" \/><\/figure>\n\n\n\t\t<div class=\"t2-post-link-content wp-block-t2-wrapper\">\n\n\n\t\t<div class=\"card-meta wp-block-t2-wrapper\">\n<div class=\"wp-block-post-date\"><time datetime=\"2025-11-28T09:28:25+01:00\">28. november 2025<\/time><\/div>\n<div class=\"taxonomy-category wp-block-post-terms\"><\/div>\n<\/div>\n\n<h3 class=\"t2-post-title wp-block-t2-post-title\">Planlegging for mobilitet p\u00e5 sykkel \u2013 nytt videreutdanningskurs fra NTNU<\/h3>\n\n<\/div>\n\n<\/a>\n<\/div>\n\n\t\t\t\t\t\t<div class=\"t2-featured-query-post t2-featured-content is-post-type-post category-ukategorisert wp-block-t2-featured-query-post\"><a class=\"t2-post-link wp-block-t2-post-link\" href=\"https:\/\/www.jernbanedirektoratet.no\/konnekt\/nyheter\/tarald-odegard-foss-tildeles-baerekraftsprisen-ved-nmbu\/\">\n<figure style=\"--t2-focal-point: 50% 50%;\" class=\"t2-post-featured-image has-image-ratio-16-9 wp-block-t2-post-featured-image\"><img loading=\"lazy\" decoding=\"async\" width=\"1163\" height=\"624\" src=\"https:\/\/www.jernbanedirektoratet.no\/content\/uploads\/sites\/3\/2025\/11\/tarald-odegard-foss.png\" class=\"attachment-post-thumbnail size-post-thumbnail wp-post-image\" alt=\"\" srcset=\"https:\/\/www.jernbanedirektoratet.no\/content\/uploads\/sites\/3\/2025\/11\/tarald-odegard-foss.png 1163w, https:\/\/www.jernbanedirektoratet.no\/content\/uploads\/sites\/3\/2025\/11\/tarald-odegard-foss-300x161.png 300w, https:\/\/www.jernbanedirektoratet.no\/content\/uploads\/sites\/3\/2025\/11\/tarald-odegard-foss-1024x549.png 1024w, https:\/\/www.jernbanedirektoratet.no\/content\/uploads\/sites\/3\/2025\/11\/tarald-odegard-foss-768x412.png 768w\" sizes=\"auto, (min-width: 1200px) 378px, (min-width: 700px) 33vw, 300px\" \/><\/figure>\n\n\n\t\t<div class=\"t2-post-link-content wp-block-t2-wrapper\">\n\n\n\t\t<div class=\"card-meta wp-block-t2-wrapper\">\n<div class=\"wp-block-post-date\"><time datetime=\"2025-11-24T08:28:16+01:00\">24. november 2025<\/time><\/div>\n<div class=\"taxonomy-category wp-block-post-terms\"><\/div>\n<\/div>\n\n<h3 class=\"t2-post-title wp-block-t2-post-title\">Tarald \u00d8deg\u00e5rd Foss tildeles b\u00e6rekraftsprisen ved NMBU<\/h3>\n\n<\/div>\n\n<\/a>\n<\/div>\n\n\t\t\t\t\t\t<div class=\"t2-featured-query-post t2-featured-content is-post-type-post category-ukategorisert wp-block-t2-featured-query-post\"><a class=\"t2-post-link wp-block-t2-post-link\" href=\"https:\/\/www.jernbanedirektoratet.no\/konnekt\/nyheter\/samferdselsskolen-et-krafttak-for-fremtidens-kompetanse\/\">\n<figure style=\"--t2-focal-point: 50% 50%;\" class=\"t2-post-featured-image has-image-ratio-16-9 wp-block-t2-post-featured-image\"><img loading=\"lazy\" decoding=\"async\" width=\"2560\" height=\"1704\" src=\"https:\/\/www.jernbanedirektoratet.no\/content\/uploads\/sites\/3\/2025\/11\/OYG2981Minnevika_bru_-__st_ping_av_siste_tverrbjelkeDovrebanen_ICBane_NOR-scaled.jpg\" class=\"attachment-post-thumbnail size-post-thumbnail wp-post-image\" alt=\"\" srcset=\"https:\/\/www.jernbanedirektoratet.no\/content\/uploads\/sites\/3\/2025\/11\/OYG2981Minnevika_bru_-__st_ping_av_siste_tverrbjelkeDovrebanen_ICBane_NOR-scaled.jpg 2560w, https:\/\/www.jernbanedirektoratet.no\/content\/uploads\/sites\/3\/2025\/11\/OYG2981Minnevika_bru_-__st_ping_av_siste_tverrbjelkeDovrebanen_ICBane_NOR-300x200.jpg 300w, https:\/\/www.jernbanedirektoratet.no\/content\/uploads\/sites\/3\/2025\/11\/OYG2981Minnevika_bru_-__st_ping_av_siste_tverrbjelkeDovrebanen_ICBane_NOR-1024x682.jpg 1024w, https:\/\/www.jernbanedirektoratet.no\/content\/uploads\/sites\/3\/2025\/11\/OYG2981Minnevika_bru_-__st_ping_av_siste_tverrbjelkeDovrebanen_ICBane_NOR-768x511.jpg 768w, https:\/\/www.jernbanedirektoratet.no\/content\/uploads\/sites\/3\/2025\/11\/OYG2981Minnevika_bru_-__st_ping_av_siste_tverrbjelkeDovrebanen_ICBane_NOR-1536x1022.jpg 1536w, https:\/\/www.jernbanedirektoratet.no\/content\/uploads\/sites\/3\/2025\/11\/OYG2981Minnevika_bru_-__st_ping_av_siste_tverrbjelkeDovrebanen_ICBane_NOR-2048x1363.jpg 2048w\" sizes=\"auto, (min-width: 1200px) 378px, (min-width: 700px) 33vw, 300px\" \/><\/figure>\n\n\n\t\t<div class=\"t2-post-link-content wp-block-t2-wrapper\">\n\n\n\t\t<div class=\"card-meta wp-block-t2-wrapper\">\n<div class=\"wp-block-post-date\"><time datetime=\"2025-11-11T11:42:10+01:00\">11. november 2025<\/time><\/div>\n<div class=\"taxonomy-category wp-block-post-terms\"><\/div>\n<\/div>\n\n<h3 class=\"t2-post-title wp-block-t2-post-title\">Samferdselsskolen \u2013 et krafttak for fremtidens kompetanse<\/h3>\n\n<\/div>\n\n<\/a>\n<\/div>\n\t\t\t\t\t<\/div>\n\t\t\t\t<\/div>\n\t\t\t\t\n\t\t\t","protected":false},"excerpt":{"rendered":"","protected":false},"author":14,"featured_media":3305,"comment_status":"closed","ping_status":"closed","sticky":false,"template":"","format":"standard","meta":{"post_sublanguage":"","footnotes":""},"categories":[1],"tags":[],"class_list":["post-3301","post","type-post","status-publish","format-standard","has-post-thumbnail","hentry","category-ukategorisert"],"yoast_head":"<!-- This site is optimized with the Yoast SEO Premium plugin v25.3 (Yoast SEO v25.3) - https:\/\/yoast.com\/wordpress\/plugins\/seo\/ -->\n<title>Inng\u00e5r strategisk samarbeid med H\u00f8gskolen i \u00d8stfold - Konnekt<\/title>\n<meta name=\"robots\" content=\"index, follow, max-snippet:-1, max-image-preview:large, max-video-preview:-1\" \/>\n<link rel=\"canonical\" href=\"https:\/\/www.jernbanedirektoratet.no\/konnekt\/nyheter\/inngar-strategisk-samarbeid-med-hogskolen-i-ostfold\/\" \/>\n<meta property=\"og:locale\" content=\"nb_NO\" \/>\n<meta property=\"og:type\" content=\"article\" \/>\n<meta property=\"og:title\" content=\"Inng\u00e5r strategisk samarbeid med H\u00f8gskolen i \u00d8stfold\" \/>\n<meta property=\"og:url\" content=\"https:\/\/www.jernbanedirektoratet.no\/konnekt\/nyheter\/inngar-strategisk-samarbeid-med-hogskolen-i-ostfold\/\" \/>\n<meta property=\"og:site_name\" content=\"Konnekt\" \/>\n<meta property=\"article:published_time\" content=\"2026-04-23T08:28:01+00:00\" \/>\n<meta property=\"article:modified_time\" content=\"2026-04-23T08:28:02+00:00\" \/>\n<meta property=\"og:image\" content=\"https:\/\/www.jernbanedirektoratet.no\/content\/uploads\/sites\/3\/2026\/04\/toppbilde-scaled.jpg\" \/>\n\t<meta property=\"og:image:width\" content=\"2560\" \/>\n\t<meta property=\"og:image:height\" content=\"1077\" \/>\n\t<meta property=\"og:image:type\" content=\"image\/jpeg\" \/>\n<meta name=\"author\" content=\"Petter Karl Aanonsen\" \/>\n<meta name=\"twitter:card\" content=\"summary_large_image\" \/>\n<meta name=\"twitter:label1\" content=\"Skrevet av\" \/>\n\t<meta name=\"twitter:data1\" content=\"Petter Karl Aanonsen\" \/>\n\t<meta name=\"twitter:label2\" content=\"Ansl. lesetid\" \/>\n\t<meta name=\"twitter:data2\" content=\"2 minutter\" \/>\n<script type=\"application\/ld+json\" class=\"yoast-schema-graph\">{\"@context\":\"https:\/\/schema.org\",\"@graph\":[{\"@type\":\"Article\",\"@id\":\"https:\/\/www.jernbanedirektoratet.no\/konnekt\/nyheter\/inngar-strategisk-samarbeid-med-hogskolen-i-ostfold\/#article\",\"isPartOf\":{\"@id\":\"https:\/\/www.jernbanedirektoratet.no\/konnekt\/nyheter\/inngar-strategisk-samarbeid-med-hogskolen-i-ostfold\/\"},\"author\":{\"name\":\"Petter Karl Aanonsen\",\"@id\":\"https:\/\/www.jernbanedirektoratet.no\/konnekt\/#\/schema\/person\/e6cfe67f0eaf40de21249ed37961b5da\"},\"headline\":\"Inng\u00e5r strategisk samarbeid med H\u00f8gskolen i \u00d8stfold\",\"datePublished\":\"2026-04-23T08:28:01+00:00\",\"dateModified\":\"2026-04-23T08:28:02+00:00\",\"mainEntityOfPage\":{\"@id\":\"https:\/\/www.jernbanedirektoratet.no\/konnekt\/nyheter\/inngar-strategisk-samarbeid-med-hogskolen-i-ostfold\/\"},\"wordCount\":289,\"publisher\":{\"@id\":\"https:\/\/www.jernbanedirektoratet.no\/konnekt\/#organization\"},\"image\":{\"@id\":\"https:\/\/www.jernbanedirektoratet.no\/konnekt\/nyheter\/inngar-strategisk-samarbeid-med-hogskolen-i-ostfold\/#primaryimage\"},\"thumbnailUrl\":\"https:\/\/www.jernbanedirektoratet.no\/content\/uploads\/sites\/3\/2026\/04\/toppbilde-scaled.jpg\",\"inLanguage\":\"nb-NO\"},{\"@type\":\"WebPage\",\"@id\":\"https:\/\/www.jernbanedirektoratet.no\/konnekt\/nyheter\/inngar-strategisk-samarbeid-med-hogskolen-i-ostfold\/\",\"url\":\"https:\/\/www.jernbanedirektoratet.no\/konnekt\/nyheter\/inngar-strategisk-samarbeid-med-hogskolen-i-ostfold\/\",\"name\":\"Inng\u00e5r strategisk samarbeid med H\u00f8gskolen i \u00d8stfold - Konnekt\",\"isPartOf\":{\"@id\":\"https:\/\/www.jernbanedirektoratet.no\/konnekt\/#website\"},\"primaryImageOfPage\":{\"@id\":\"https:\/\/www.jernbanedirektoratet.no\/konnekt\/nyheter\/inngar-strategisk-samarbeid-med-hogskolen-i-ostfold\/#primaryimage\"},\"image\":{\"@id\":\"https:\/\/www.jernbanedirektoratet.no\/konnekt\/nyheter\/inngar-strategisk-samarbeid-med-hogskolen-i-ostfold\/#primaryimage\"},\"thumbnailUrl\":\"https:\/\/www.jernbanedirektoratet.no\/content\/uploads\/sites\/3\/2026\/04\/toppbilde-scaled.jpg\",\"datePublished\":\"2026-04-23T08:28:01+00:00\",\"dateModified\":\"2026-04-23T08:28:02+00:00\",\"breadcrumb\":{\"@id\":\"https:\/\/www.jernbanedirektoratet.no\/konnekt\/nyheter\/inngar-strategisk-samarbeid-med-hogskolen-i-ostfold\/#breadcrumb\"},\"inLanguage\":\"nb-NO\",\"potentialAction\":[{\"@type\":\"ReadAction\",\"target\":[\"https:\/\/www.jernbanedirektoratet.no\/konnekt\/nyheter\/inngar-strategisk-samarbeid-med-hogskolen-i-ostfold\/\"]}]},{\"@type\":\"ImageObject\",\"inLanguage\":\"nb-NO\",\"@id\":\"https:\/\/www.jernbanedirektoratet.no\/konnekt\/nyheter\/inngar-strategisk-samarbeid-med-hogskolen-i-ostfold\/#primaryimage\",\"url\":\"https:\/\/www.jernbanedirektoratet.no\/content\/uploads\/sites\/3\/2026\/04\/toppbilde-scaled.jpg\",\"contentUrl\":\"https:\/\/www.jernbanedirektoratet.no\/content\/uploads\/sites\/3\/2026\/04\/toppbilde-scaled.jpg\",\"width\":2560,\"height\":1077},{\"@type\":\"BreadcrumbList\",\"@id\":\"https:\/\/www.jernbanedirektoratet.no\/konnekt\/nyheter\/inngar-strategisk-samarbeid-med-hogskolen-i-ostfold\/#breadcrumb\",\"itemListElement\":[{\"@type\":\"ListItem\",\"position\":1,\"name\":\"Hjem\",\"item\":\"https:\/\/www.jernbanedirektoratet.no\/konnekt\/\"},{\"@type\":\"ListItem\",\"position\":2,\"name\":\"Inng\u00e5r strategisk samarbeid med H\u00f8gskolen i \u00d8stfold\"}]},{\"@type\":\"WebSite\",\"@id\":\"https:\/\/www.jernbanedirektoratet.no\/konnekt\/#website\",\"url\":\"https:\/\/www.jernbanedirektoratet.no\/konnekt\/\",\"name\":\"Konnekt\",\"description\":\"\",\"publisher\":{\"@id\":\"https:\/\/www.jernbanedirektoratet.no\/konnekt\/#organization\"},\"potentialAction\":[{\"@type\":\"SearchAction\",\"target\":{\"@type\":\"EntryPoint\",\"urlTemplate\":\"https:\/\/www.jernbanedirektoratet.no\/konnekt\/?s={search_term_string}\"},\"query-input\":{\"@type\":\"PropertyValueSpecification\",\"valueRequired\":true,\"valueName\":\"search_term_string\"}}],\"inLanguage\":\"nb-NO\"},{\"@type\":\"Organization\",\"@id\":\"https:\/\/www.jernbanedirektoratet.no\/konnekt\/#organization\",\"name\":\"Konnekt\",\"url\":\"https:\/\/www.jernbanedirektoratet.no\/konnekt\/\",\"logo\":{\"@type\":\"ImageObject\",\"inLanguage\":\"nb-NO\",\"@id\":\"https:\/\/www.jernbanedirektoratet.no\/konnekt\/#\/schema\/logo\/image\/\",\"url\":\"https:\/\/www.jernbanedirektoratet.no\/content\/uploads\/sites\/3\/2024\/01\/logo-konnekt.svg\",\"contentUrl\":\"https:\/\/www.jernbanedirektoratet.no\/content\/uploads\/sites\/3\/2024\/01\/logo-konnekt.svg\",\"caption\":\"Konnekt\"},\"image\":{\"@id\":\"https:\/\/www.jernbanedirektoratet.no\/konnekt\/#\/schema\/logo\/image\/\"}},{\"@type\":\"Person\",\"@id\":\"https:\/\/www.jernbanedirektoratet.no\/konnekt\/#\/schema\/person\/e6cfe67f0eaf40de21249ed37961b5da\",\"name\":\"Petter Karl Aanonsen\",\"image\":{\"@type\":\"ImageObject\",\"inLanguage\":\"nb-NO\",\"@id\":\"https:\/\/www.jernbanedirektoratet.no\/konnekt\/#\/schema\/person\/image\/\",\"url\":\"https:\/\/secure.gravatar.com\/avatar\/9c7a8c3dfcd325732cbbb55fa4b731c6c03b273c06a47cdcc7e43105eb0ee964?s=96&d=mm&r=g\",\"contentUrl\":\"https:\/\/secure.gravatar.com\/avatar\/9c7a8c3dfcd325732cbbb55fa4b731c6c03b273c06a47cdcc7e43105eb0ee964?s=96&d=mm&r=g\",\"caption\":\"Petter Karl Aanonsen\"}}]}<\/script>\n<!-- \/ Yoast SEO Premium plugin. -->","yoast_head_json":{"title":"Inng\u00e5r strategisk samarbeid med H\u00f8gskolen i \u00d8stfold - Konnekt","robots":{"index":"index","follow":"follow","max-snippet":"max-snippet:-1","max-image-preview":"max-image-preview:large","max-video-preview":"max-video-preview:-1"},"canonical":"https:\/\/www.jernbanedirektoratet.no\/konnekt\/nyheter\/inngar-strategisk-samarbeid-med-hogskolen-i-ostfold\/","og_locale":"nb_NO","og_type":"article","og_title":"Inng\u00e5r strategisk samarbeid med H\u00f8gskolen i \u00d8stfold","og_url":"https:\/\/www.jernbanedirektoratet.no\/konnekt\/nyheter\/inngar-strategisk-samarbeid-med-hogskolen-i-ostfold\/","og_site_name":"Konnekt","article_published_time":"2026-04-23T08:28:01+00:00","article_modified_time":"2026-04-23T08:28:02+00:00","og_image":[{"width":2560,"height":1077,"url":"https:\/\/www.jernbanedirektoratet.no\/content\/uploads\/sites\/3\/2026\/04\/toppbilde-scaled.jpg","type":"image\/jpeg"}],"author":"Petter Karl Aanonsen","twitter_card":"summary_large_image","twitter_misc":{"Skrevet av":"Petter Karl Aanonsen","Ansl. lesetid":"2 minutter"},"schema":{"@context":"https:\/\/schema.org","@graph":[{"@type":"Article","@id":"https:\/\/www.jernbanedirektoratet.no\/konnekt\/nyheter\/inngar-strategisk-samarbeid-med-hogskolen-i-ostfold\/#article","isPartOf":{"@id":"https:\/\/www.jernbanedirektoratet.no\/konnekt\/nyheter\/inngar-strategisk-samarbeid-med-hogskolen-i-ostfold\/"},"author":{"name":"Petter Karl Aanonsen","@id":"https:\/\/www.jernbanedirektoratet.no\/konnekt\/#\/schema\/person\/e6cfe67f0eaf40de21249ed37961b5da"},"headline":"Inng\u00e5r strategisk samarbeid med H\u00f8gskolen i \u00d8stfold","datePublished":"2026-04-23T08:28:01+00:00","dateModified":"2026-04-23T08:28:02+00:00","mainEntityOfPage":{"@id":"https:\/\/www.jernbanedirektoratet.no\/konnekt\/nyheter\/inngar-strategisk-samarbeid-med-hogskolen-i-ostfold\/"},"wordCount":289,"publisher":{"@id":"https:\/\/www.jernbanedirektoratet.no\/konnekt\/#organization"},"image":{"@id":"https:\/\/www.jernbanedirektoratet.no\/konnekt\/nyheter\/inngar-strategisk-samarbeid-med-hogskolen-i-ostfold\/#primaryimage"},"thumbnailUrl":"https:\/\/www.jernbanedirektoratet.no\/content\/uploads\/sites\/3\/2026\/04\/toppbilde-scaled.jpg","inLanguage":"nb-NO"},{"@type":"WebPage","@id":"https:\/\/www.jernbanedirektoratet.no\/konnekt\/nyheter\/inngar-strategisk-samarbeid-med-hogskolen-i-ostfold\/","url":"https:\/\/www.jernbanedirektoratet.no\/konnekt\/nyheter\/inngar-strategisk-samarbeid-med-hogskolen-i-ostfold\/","name":"Inng\u00e5r strategisk samarbeid med H\u00f8gskolen i \u00d8stfold - Konnekt","isPartOf":{"@id":"https:\/\/www.jernbanedirektoratet.no\/konnekt\/#website"},"primaryImageOfPage":{"@id":"https:\/\/www.jernbanedirektoratet.no\/konnekt\/nyheter\/inngar-strategisk-samarbeid-med-hogskolen-i-ostfold\/#primaryimage"},"image":{"@id":"https:\/\/www.jernbanedirektoratet.no\/konnekt\/nyheter\/inngar-strategisk-samarbeid-med-hogskolen-i-ostfold\/#primaryimage"},"thumbnailUrl":"https:\/\/www.jernbanedirektoratet.no\/content\/uploads\/sites\/3\/2026\/04\/toppbilde-scaled.jpg","datePublished":"2026-04-23T08:28:01+00:00","dateModified":"2026-04-23T08:28:02+00:00","breadcrumb":{"@id":"https:\/\/www.jernbanedirektoratet.no\/konnekt\/nyheter\/inngar-strategisk-samarbeid-med-hogskolen-i-ostfold\/#breadcrumb"},"inLanguage":"nb-NO","potentialAction":[{"@type":"ReadAction","target":["https:\/\/www.jernbanedirektoratet.no\/konnekt\/nyheter\/inngar-strategisk-samarbeid-med-hogskolen-i-ostfold\/"]}]},{"@type":"ImageObject","inLanguage":"nb-NO","@id":"https:\/\/www.jernbanedirektoratet.no\/konnekt\/nyheter\/inngar-strategisk-samarbeid-med-hogskolen-i-ostfold\/#primaryimage","url":"https:\/\/www.jernbanedirektoratet.no\/content\/uploads\/sites\/3\/2026\/04\/toppbilde-scaled.jpg","contentUrl":"https:\/\/www.jernbanedirektoratet.no\/content\/uploads\/sites\/3\/2026\/04\/toppbilde-scaled.jpg","width":2560,"height":1077},{"@type":"BreadcrumbList","@id":"https:\/\/www.jernbanedirektoratet.no\/konnekt\/nyheter\/inngar-strategisk-samarbeid-med-hogskolen-i-ostfold\/#breadcrumb","itemListElement":[{"@type":"ListItem","position":1,"name":"Hjem","item":"https:\/\/www.jernbanedirektoratet.no\/konnekt\/"},{"@type":"ListItem","position":2,"name":"Inng\u00e5r strategisk samarbeid med H\u00f8gskolen i \u00d8stfold"}]},{"@type":"WebSite","@id":"https:\/\/www.jernbanedirektoratet.no\/konnekt\/#website","url":"https:\/\/www.jernbanedirektoratet.no\/konnekt\/","name":"Konnekt","description":"","publisher":{"@id":"https:\/\/www.jernbanedirektoratet.no\/konnekt\/#organization"},"potentialAction":[{"@type":"SearchAction","target":{"@type":"EntryPoint","urlTemplate":"https:\/\/www.jernbanedirektoratet.no\/konnekt\/?s={search_term_string}"},"query-input":{"@type":"PropertyValueSpecification","valueRequired":true,"valueName":"search_term_string"}}],"inLanguage":"nb-NO"},{"@type":"Organization","@id":"https:\/\/www.jernbanedirektoratet.no\/konnekt\/#organization","name":"Konnekt","url":"https:\/\/www.jernbanedirektoratet.no\/konnekt\/","logo":{"@type":"ImageObject","inLanguage":"nb-NO","@id":"https:\/\/www.jernbanedirektoratet.no\/konnekt\/#\/schema\/logo\/image\/","url":"https:\/\/www.jernbanedirektoratet.no\/content\/uploads\/sites\/3\/2024\/01\/logo-konnekt.svg","contentUrl":"https:\/\/www.jernbanedirektoratet.no\/content\/uploads\/sites\/3\/2024\/01\/logo-konnekt.svg","caption":"Konnekt"},"image":{"@id":"https:\/\/www.jernbanedirektoratet.no\/konnekt\/#\/schema\/logo\/image\/"}},{"@type":"Person","@id":"https:\/\/www.jernbanedirektoratet.no\/konnekt\/#\/schema\/person\/e6cfe67f0eaf40de21249ed37961b5da","name":"Petter Karl Aanonsen","image":{"@type":"ImageObject","inLanguage":"nb-NO","@id":"https:\/\/www.jernbanedirektoratet.no\/konnekt\/#\/schema\/person\/image\/","url":"https:\/\/secure.gravatar.com\/avatar\/9c7a8c3dfcd325732cbbb55fa4b731c6c03b273c06a47cdcc7e43105eb0ee964?s=96&d=mm&r=g","contentUrl":"https:\/\/secure.gravatar.com\/avatar\/9c7a8c3dfcd325732cbbb55fa4b731c6c03b273c06a47cdcc7e43105eb0ee964?s=96&d=mm&r=g","caption":"Petter Karl Aanonsen"}}]}},"_links":{"self":[{"href":"https:\/\/www.jernbanedirektoratet.no\/konnekt\/wp-json\/wp\/v2\/posts\/3301","targetHints":{"allow":["GET"]}}],"collection":[{"href":"https:\/\/www.jernbanedirektoratet.no\/konnekt\/wp-json\/wp\/v2\/posts"}],"about":[{"href":"https:\/\/www.jernbanedirektoratet.no\/konnekt\/wp-json\/wp\/v2\/types\/post"}],"author":[{"embeddable":true,"href":"https:\/\/www.jernbanedirektoratet.no\/konnekt\/wp-json\/wp\/v2\/users\/14"}],"replies":[{"embeddable":true,"href":"https:\/\/www.jernbanedirektoratet.no\/konnekt\/wp-json\/wp\/v2\/comments?post=3301"}],"version-history":[{"count":1,"href":"https:\/\/www.jernbanedirektoratet.no\/konnekt\/wp-json\/wp\/v2\/posts\/3301\/revisions"}],"predecessor-version":[{"id":3306,"href":"https:\/\/www.jernbanedirektoratet.no\/konnekt\/wp-json\/wp\/v2\/posts\/3301\/revisions\/3306"}],"wp:featuredmedia":[{"embeddable":true,"href":"https:\/\/www.jernbanedirektoratet.no\/konnekt\/wp-json\/wp\/v2\/media\/3305"}],"wp:attachment":[{"href":"https:\/\/www.jernbanedirektoratet.no\/konnekt\/wp-json\/wp\/v2\/media?parent=3301"}],"wp:term":[{"taxonomy":"category","embeddable":true,"href":"https:\/\/www.jernbanedirektoratet.no\/konnekt\/wp-json\/wp\/v2\/categories?post=3301"},{"taxonomy":"post_tag","embeddable":true,"href":"https:\/\/www.jernbanedirektoratet.no\/konnekt\/wp-json\/wp\/v2\/tags?post=3301"}],"curies":[{"name":"wp","href":"https:\/\/api.w.org\/{rel}","templated":true}]}}