{"id":3362,"date":"2026-08-31T08:17:46","date_gmt":"2026-08-31T06:17:46","guid":{"rendered":"https:\/\/www.jernbanedirektoratet.no\/konnekt\/?p=3362"},"modified":"2026-08-31T08:19:28","modified_gmt":"2026-08-31T06:19:28","slug":"infrastruktur-uten-folk","status":"publish","type":"post","link":"https:\/\/www.jernbanedirektoratet.no\/konnekt\/nyheter\/infrastruktur-uten-folk\/","title":{"rendered":"Infrastruktur uten folk?"},"content":{"rendered":"\n<div class=\"wp-block-cover alignfull is-light\"><img loading=\"lazy\" decoding=\"async\" width=\"1024\" height=\"683\" class=\"wp-block-cover__image-background wp-image-3363 size-large\" alt=\"\" src=\"https:\/\/www.jernbanedirektoratet.no\/content\/uploads\/sites\/3\/2026\/08\/LO_RES-Kritisk-infrastruktur-uten-folk-foto-Hans-Kristian-Thorbjornsen-0284-1024x683.jpg\" data-object-fit=\"cover\" srcset=\"https:\/\/www.jernbanedirektoratet.no\/content\/uploads\/sites\/3\/2026\/08\/LO_RES-Kritisk-infrastruktur-uten-folk-foto-Hans-Kristian-Thorbjornsen-0284-1024x683.jpg 1024w, https:\/\/www.jernbanedirektoratet.no\/content\/uploads\/sites\/3\/2026\/08\/LO_RES-Kritisk-infrastruktur-uten-folk-foto-Hans-Kristian-Thorbjornsen-0284-300x200.jpg 300w, https:\/\/www.jernbanedirektoratet.no\/content\/uploads\/sites\/3\/2026\/08\/LO_RES-Kritisk-infrastruktur-uten-folk-foto-Hans-Kristian-Thorbjornsen-0284-768x512.jpg 768w, https:\/\/www.jernbanedirektoratet.no\/content\/uploads\/sites\/3\/2026\/08\/LO_RES-Kritisk-infrastruktur-uten-folk-foto-Hans-Kristian-Thorbjornsen-0284-1536x1024.jpg 1536w, https:\/\/www.jernbanedirektoratet.no\/content\/uploads\/sites\/3\/2026\/08\/LO_RES-Kritisk-infrastruktur-uten-folk-foto-Hans-Kristian-Thorbjornsen-0284-2048x1366.jpg 2048w\" sizes=\"auto, (max-width: 1024px) 100vw, 1024px\" \/><span aria-hidden=\"true\" class=\"wp-block-cover__background has-background-dim-0 has-background-dim\" style=\"background-color:#b9babe\"><\/span><div class=\"wp-block-cover__inner-container\"><h1 class=\"wp-block-post-title\">Infrastruktur uten folk?<\/h1>\n\n<p class=\"t2-ingress wp-block-t2-ingress\">Samferdselssektoren m\u00e5 samle kreftene for \u00e5 sikre fremtidens fagarbeidere<\/p><\/div><\/div>\n\n\n\n\t<div class=\"jernbanedirektoratet-byline wp-block-jernbanedirektoratet-byline\">\n\t\t\t\t\t<div class=\"jernbanedirektoratet-byline__names\">\n\t\t\t\t\t\t\t\t\t<div class=\"jernbanedirektoratet-byline__name\">\n\t\t\t\t\t<svg xmlns=\"http:\/\/www.w3.org\/2000\/svg\" viewBox=\"0 0 24 24\" height=\"24\" width=\"24\" class=\"t2-icon t2-icon-bullet\" aria-hidden=\"true\" focusable=\"false\"><path d=\"M9 9H15V15H9V9Z\" fill=\"currentColor\" \/><\/svg>Petter Karl Aanonsen\t\t\t\t\t<\/div>\n\t\t\t\t\t\t\t\t<\/div>\n\t\t\t\t\t\t\t<div class=\"jernbanedirektoratet-byline__time\">\n\t\t\t\t<time class=\"jernbanedirektoratet-byline__time__published\" datetime=\"2026-08-31T08:17:46+02:00\" >\n\t\t\t\t\tPublisert:\n\t\t\t\t\t31. august 2026\t\t\t\t<\/time>\n\n\t\t\t\t\t\t\t<\/div>\n\t\t\t<\/div>\n\t\n\n\n<p><strong>Hvordan skal Norge bygge, drifte og vedlikeholde fremtidens samferdsel dersom vi ikke har folkene som trengs?<\/strong> Det var det sentrale sp\u00f8rsm\u00e5let da Konnekt samlet bransjeledere, myndigheter og politikere til debatt i Samferdselsteltet under Arendalsuka. (se debatten lengre ned i saken)<\/p>\n\n\n\n<p>Bakgrunnen for debatten var presentasjonen av \u00e5rets Yrkesfagindeks og Konnekts innspill til Nasjonal transportplan (NTP) om kompetansebehov i samferdselssektoren. Budskapet fra scenen var tydelig: Skal samferdselssektoren lykkes med de store oppgavene som ligger foran oss, m\u00e5 kompetanse og rekruttering l\u00f8ftes h\u00f8yere p\u00e5 agendaen.<\/p>\n\n\n\n<h2 class=\"wp-block-heading\" id=\"h-ungdommen-vet-hva-de-vil-ha\">Ungdommen vet hva de vil ha<\/h2>\n\n\n\n<p><a href=\"https:\/\/www.eba.no\/artikler\/2026\/yrkesfagindeksen-gir-viktig-innsikt-om-morgendagens-fagarbeidere\/\">\u00c5rets Yrkesfagindeks utf\u00f8rt av EBA og Skanska<\/a>, gjennomf\u00f8rt blant 1.888 yrkesfagelever og l\u00e6rlinger innen bygg- og anlegg, gir verdifull innsikt i hva som p\u00e5virker unges valg av arbeidsgiver.<\/p>\n\n\n\n<p>Unders\u00f8kelsen viser at arbeidsmilj\u00f8 er den klart viktigste faktoren n\u00e5r ungdom skal velge jobb. Deretter f\u00f8lger samarbeid mellom kolleger og muligheter for oppl\u00e6ring og faglig utvikling. L\u00f8nn kommer f\u00f8rst p\u00e5 fjerdeplass.<\/p>\n\n\n\n<p>For samferdselssektoren er dette et viktig signal.<\/p>\n\n\n\n<p>Skal vi lykkes med \u00e5 tiltrekke flere unge til bransjen, holder det ikke \u00e5 snakke om store prosjekter og spennende teknologi. Ungdom \u00f8nsker f\u00f8rst og fremst \u00e5 bli sett, utvikle seg faglig og v\u00e6re en del av et godt arbeidsfellesskap.<\/p>\n\n\n\n<p>Unders\u00f8kelsen viser ogs\u00e5 at mange opplever langt st\u00f8rre mestring etter at de valgte yrkesfag enn de gjorde i grunnskolen. Det understreker betydningen av praktisk l\u00e6ring og yrkesfagenes rolle i \u00e5 f\u00e5 flere unge til \u00e5 lykkes.<\/p>\n\n\n\n<p>Samtidig er det fortsatt utfordringer. Bare litt over ti prosent av respondentene er jenter, noe som viser at bransjen fortsatt har et stort potensial for \u00e5 rekruttere bredere.<\/p>\n\n\n\n<h2 class=\"wp-block-heading\" id=\"h-kompetanse-er-blitt-et-strategisk-sporsmal\">Kompetanse er blitt et strategisk sp\u00f8rsm\u00e5l<\/h2>\n\n\n\n<p>Under debatten presenterte Konnekt hovedfunnene fra sitt <a href=\"https:\/\/www.jernbanedirektoratet.no\/content\/uploads\/sites\/3\/2026\/08\/NTP-Oppdrag-6-Konnekt-hovedrapport.pdf\">innspill til Nasjonal transportplan 2029-2040.<\/a><\/p>\n\n\n\n<p>Rapporten peker p\u00e5 at samferdselssektoren st\u00e5r overfor store endringer drevet av:<\/p>\n\n\n\n<ul class=\"wp-block-list\">\n<li>\u00f8kt satsing p\u00e5 drift og vedlikehold<\/li>\n\n\n\n<li>digitalisering og kunstig intelligens<\/li>\n\n\n\n<li>klima- og b\u00e6rekraftutfordringer<\/li>\n\n\n\n<li>beredskap og sikkerhet<\/li>\n\n\n\n<li>\u00f8kende behov for transportinfrastruktur<\/li>\n<\/ul>\n\n\n\n<p>Samtidig er det flere utfordringer som gj\u00f8r sektoren s\u00e5rbar. Ansvaret for kompetanseutvikling er fragmentert, utdanningsmilj\u00f8ene innen samferdsel er sm\u00e5 og s\u00e5rbare, og koblingen mellom utdanning og arbeidsliv er ofte for svak.<\/p>\n\n\n\n<p>Konnekt foresl\u00e5r derfor at det etableres en nasjonal kompetansestrategi for samferdselssektoren som en del av kommende NTP.<\/p>\n\n\n\n<h2 class=\"wp-block-heading\" id=\"h-mange-gjor-mye-men-for-lite-sammen\">Mange gj\u00f8r mye, men for lite sammen<\/h2>\n\n\n\n<p>En r\u00f8d tr\u00e5d gjennom debatten var at sektoren gj\u00f8r mye bra hver for seg, men at innsatsen i for liten grad er koordinert.<\/p>\n\n\n\n<p>Representanter fra Statens vegvesen, Bane NOR, Mesta, Skanska, NCC, Sweco, EBA og politikken pekte p\u00e5 at de fleste virksomhetene arbeider aktivt med rekruttering, l\u00e6rlingeordninger og kompetanseutvikling. Samtidig konkurrerer mange om de samme hodene.<\/p>\n\n\n\n<p>Flere l\u00f8ftet fram behovet for sterkere samarbeid om kompetanseutvikling, rekruttering og synliggj\u00f8ring av samferdselsfagene.<\/p>\n\n\n\n<p>Ett av forslagene som fikk bred st\u00f8tte var behovet for en felles kompetansestrategi og en tydeligere akt\u00f8r som kan koordinere innsatsen p\u00e5 tvers av sektoren.<\/p>\n\n\n\n<h2 class=\"wp-block-heading\" id=\"h-attraktivitet-handler-om-mer-enn-lonn\">Attraktivitet handler om mer enn l\u00f8nn<\/h2>\n\n\n\n<p>Debatten bekreftet ogs\u00e5 flere av funnene fra Yrkesfagindeksen.<\/p>\n\n\n\n<p>Skal samferdselssektoren lykkes med rekrutteringen, m\u00e5 den v\u00e6re attraktiv som arbeidsplass. Det handler om arbeidsmilj\u00f8, utviklingsmuligheter, mangfold og tydelige karriereveier.<\/p>\n\n\n\n<p>Flere pekte p\u00e5 at bransjen fortsatt rekrutterer fra en for liten del av ungdomskullene, s\u00e6rlig p\u00e5 yrkesfagssiden, og at det er avgj\u00f8rende \u00e5 f\u00e5 flere kvinner inn i sektoren.<\/p>\n\n\n\n<p>Panelet var ogs\u00e5 opptatt av at samferdselssektoren m\u00e5 bli flinkere til \u00e5 fortelle historiene om hva arbeid i bransjen faktisk betyr.<\/p>\n\n\n\n<p>Fagarbeiderne som bygger og vedlikeholder veier, jernbane og annen kritisk infrastruktur bidrar direkte til samfunnssikkerhet, beredskap, verdiskaping og mobilitet i hele landet.<\/p>\n\n\n\n<h2 class=\"wp-block-heading\" id=\"h-veien-videre\">Veien videre<\/h2>\n\n\n\n<p>Selv om situasjonen i dag mange steder oppleves h\u00e5ndterbar, var det bred enighet om at utfordringene vil bli st\u00f8rre i \u00e5rene som kommer. Ungdomskullene blir mindre, konkurransen om arbeidskraften \u00f8ker, og samferdselssektoren kan ikke lenger lene seg p\u00e5 tilgangen til utenlandsk arbeidskraft slik man har gjort tidligere.<\/p>\n\n\n\n<p>Konklusjonen fra debatten var derfor tydelig:<\/p>\n\n\n\n<p>Samferdselssektoren m\u00e5 i st\u00f8rre grad opptre som \u00e9n bransje n\u00e5r det gjelder kompetanse og rekruttering. Skal vi realisere fremtidens transportl\u00f8sninger, m\u00e5 vi investere like m\u00e5lrettet i mennesker som i asfalt, skinner og teknologi.<\/p>\n\n\n\n<p>For uten folk blir det ingen infrastruktur.<\/p>\n\n\n\n<figure class=\"wp-block-embed dekode-gtm-iframe-preview is-type-video is-provider-vimeo wp-block-embed-vimeo wp-embed-aspect-16-9 wp-has-aspect-ratio\"><div class=\"wp-block-embed__wrapper\">\n<iframe title=\"07 - Kritisk infrasturktur uten folk\" data-cookieconsent=\"marketing\" data-cookieblock-src=\"https:\/\/player.vimeo.com\/video\/1219047182?dnt=1&amp;app_id=122963\" width=\"500\" height=\"281\" frameborder=\"0\" allow=\"autoplay; fullscreen; picture-in-picture; clipboard-write; encrypted-media; web-share\" referrerpolicy=\"strict-origin-when-cross-origin\"><\/iframe>\n\t\t<div class=\"cookieconsent-optout-marketing dekode-gtm-cookie-consent-video-placeholder\">\n\t\t\t<div class=\"dekode-gtm-cookie-consent is-block-core-embed is-provider-vimeo\">\n\t\t\t\t\n\t\t\t<img decoding=\"async\" src=\"https:\/\/i.vimeocdn.com\/video\/2191154255-8b10b734dccfd64f57422b6613303ff527ef1feb9e1b463a33ae5ac17b7bedbc-d_295x166?region=us\" alt=\"vimeo\" \/>\n\t\t\t\t<div class=\"overlay\">\n\t\t\t\t\t<div class=\"cookie-info\">\n\t\t\t\t\t\t<p class=\"iframe-preview-text\">Dette innholdet lastes fra en tredjeparts nettside, og Jernbanedirektoratet kan ikke garantere for hvilken informasjon som innhentes. Se gjerne v\u00e5r personvernserkl\u00e6ring for mer informasjon.<\/p>\n\t\t\t\t\t<\/div>\n\t\t\t\t<\/div>\n\t\t\t<\/div>\n\t\t<\/div>\n<\/div><\/figure>\n\n\n\n<h2 class=\"wp-block-heading\" id=\"h-kontaktperson\">Kontaktperson<\/h2>\n\n\n<div class=\"t2-featured-single-post t2-featured-content is-post-type-person role-kommunikasjonsradgiver department-konnekt-nasjonalt-kompetansesenter-for-samferdsel wp-block-t2-featured-single-post\">\n\t\t<div class=\"t2-post-link alignfull wp-block-t2-wrapper\">\n<figure style=\"--t2-focal-point: 50% 50%;\" class=\"t2-post-featured-image has-image-ratio-1-1 wp-block-t2-post-featured-image\"><img loading=\"lazy\" decoding=\"async\" width=\"381\" height=\"544\" src=\"https:\/\/www.jernbanedirektoratet.no\/content\/uploads\/sites\/3\/2021\/01\/petter.png\" class=\"attachment-post-thumbnail size-post-thumbnail wp-post-image\" alt=\"\" srcset=\"https:\/\/www.jernbanedirektoratet.no\/content\/uploads\/sites\/3\/2021\/01\/petter.png 381w, https:\/\/www.jernbanedirektoratet.no\/content\/uploads\/sites\/3\/2021\/01\/petter-210x300.png 210w\" sizes=\"auto, (min-width: 600px) 584px, 300px\" \/><\/figure>\n\n\n\t\t<div class=\"t2-post-link-content wp-block-t2-wrapper\">\n<h3 class=\"t2-post-title wp-block-t2-post-title\">Petter Aanonsen<\/h3>\n<div class=\"wp-block-jernbanedirektoratet-post-info\"><div data-term-key=\"role\">Kommunikasjonsr\u00e5dgiver<\/div><div data-term-key=\"department\">Konnekt &#8211; Nasjonalt kompetansesenter for samferdsel<\/div><\/div>\n<div class=\"wp-block-jernbanedirektoratet-post-info\"><div data-meta-key=\"people_email\"><a href=\"mailto:petter@konnekt.no\">Send e-post<\/a><\/div><div data-meta-key=\"people_phone\"><a href=\"tel:+4795156999\">95 15 69 99<\/a><\/div><\/div>\n\n<\/div>\n\n<\/div>\n<\/div>\n\n\n\t\t\t\t\n\t\t\t\t<div class=\"wp-block-group alignwide has-global-padding is-layout-constrained wp-block-group-is-layout-constrained\">\n\n\t\t\t\t\t\n\t\t\t\t\t<h2 class=\"wp-block-heading alignwide\">Relaterte artikler<\/h2>\n\t\t\t\t\t\n\n\t\t\t\t\t<div class=\"t2-featured-content-layout alignwide alignwide wp-block-t2-featured-content-layout\">\n\n\t\t\t\t\t\t<div class=\"t2-featured-query-post t2-featured-content is-post-type-post category-ukategorisert tag-arctic-mobility tag-nord-universitet tag-uit-norges-arktiske-universitet tag-utdanning wp-block-t2-featured-query-post\"><a class=\"t2-post-link wp-block-t2-post-link\" href=\"https:\/\/www.jernbanedirektoratet.no\/konnekt\/nyheter\/ny-rapport-nord-norge-nord-sverige-og-finland-mangler-kompetansen-som-trengs-for-fremtidens-beredskap-og-vekst\/\">\n<figure style=\"--t2-focal-point: 50% 50%;\" class=\"t2-post-featured-image has-image-ratio-16-9 wp-block-t2-post-featured-image\"><img loading=\"lazy\" decoding=\"async\" width=\"2000\" height=\"1500\" src=\"https:\/\/www.jernbanedirektoratet.no\/content\/uploads\/sites\/3\/2026\/08\/2814.jpg\" class=\"attachment-post-thumbnail size-post-thumbnail wp-post-image\" alt=\"\" srcset=\"https:\/\/www.jernbanedirektoratet.no\/content\/uploads\/sites\/3\/2026\/08\/2814.jpg 2000w, https:\/\/www.jernbanedirektoratet.no\/content\/uploads\/sites\/3\/2026\/08\/2814-300x225.jpg 300w, https:\/\/www.jernbanedirektoratet.no\/content\/uploads\/sites\/3\/2026\/08\/2814-1024x768.jpg 1024w, https:\/\/www.jernbanedirektoratet.no\/content\/uploads\/sites\/3\/2026\/08\/2814-768x576.jpg 768w, https:\/\/www.jernbanedirektoratet.no\/content\/uploads\/sites\/3\/2026\/08\/2814-1536x1152.jpg 1536w\" sizes=\"auto, (min-width: 1200px) 378px, (min-width: 700px) 33vw, 300px\" \/><\/figure>\n\n\n\t\t<div class=\"t2-post-link-content wp-block-t2-wrapper\">\n\n\n\t\t<div class=\"card-meta wp-block-t2-wrapper\">\n<div class=\"wp-block-post-date\"><time datetime=\"2026-08-17T12:26:05+02:00\">17. august 2026<\/time><\/div>\n<div class=\"taxonomy-category wp-block-post-terms\"><\/div>\n<\/div>\n\n<h3 class=\"t2-post-title wp-block-t2-post-title\">Ny rapport: Nord-Norge, Nord-Sverige og Finland mangler kompetansen som trengs for fremtidens beredskap og vekst<\/h3>\n\n<\/div>\n\n<\/a>\n<\/div>\n\n\t\t\t\t\t\t<div class=\"t2-featured-query-post t2-featured-content is-post-type-post category-ukategorisert wp-block-t2-featured-query-post\"><a class=\"t2-post-link wp-block-t2-post-link\" href=\"https:\/\/www.jernbanedirektoratet.no\/konnekt\/nyheter\/okt-studentinteresse-nye-samarbeid-og-sterk-kompetansesatsing-i-samferdselssektoren\/\">\n<figure style=\"--t2-focal-point: 50% 50%;\" class=\"t2-post-featured-image has-image-ratio-16-9 wp-block-t2-post-featured-image\"><img loading=\"lazy\" decoding=\"async\" width=\"2560\" height=\"1920\" src=\"https:\/\/www.jernbanedirektoratet.no\/content\/uploads\/sites\/3\/2025\/11\/20251002_120515-scaled.jpg\" class=\"attachment-post-thumbnail size-post-thumbnail wp-post-image\" alt=\"\" srcset=\"https:\/\/www.jernbanedirektoratet.no\/content\/uploads\/sites\/3\/2025\/11\/20251002_120515-scaled.jpg 2560w, https:\/\/www.jernbanedirektoratet.no\/content\/uploads\/sites\/3\/2025\/11\/20251002_120515-300x225.jpg 300w, https:\/\/www.jernbanedirektoratet.no\/content\/uploads\/sites\/3\/2025\/11\/20251002_120515-1024x768.jpg 1024w, https:\/\/www.jernbanedirektoratet.no\/content\/uploads\/sites\/3\/2025\/11\/20251002_120515-768x576.jpg 768w, https:\/\/www.jernbanedirektoratet.no\/content\/uploads\/sites\/3\/2025\/11\/20251002_120515-1536x1152.jpg 1536w, https:\/\/www.jernbanedirektoratet.no\/content\/uploads\/sites\/3\/2025\/11\/20251002_120515-2048x1536.jpg 2048w\" sizes=\"auto, (min-width: 1200px) 378px, (min-width: 700px) 33vw, 300px\" \/><\/figure>\n\n\n\t\t<div class=\"t2-post-link-content wp-block-t2-wrapper\">\n\n\n\t\t<div class=\"card-meta wp-block-t2-wrapper\">\n<div class=\"wp-block-post-date\"><time datetime=\"2026-05-05T10:04:27+02:00\">5. mai 2026<\/time><\/div>\n<div class=\"taxonomy-category wp-block-post-terms\"><\/div>\n<\/div>\n\n<h3 class=\"t2-post-title wp-block-t2-post-title\">\u00d8kt studentinteresse, nye samarbeid og sterk kompetansesatsing i samferdselssektoren<\/h3>\n\n<\/div>\n\n<\/a>\n<\/div>\n\n\t\t\t\t\t\t<div class=\"t2-featured-query-post t2-featured-content is-post-type-post category-ukategorisert wp-block-t2-featured-query-post\"><a class=\"t2-post-link wp-block-t2-post-link\" href=\"https:\/\/www.jernbanedirektoratet.no\/konnekt\/nyheter\/inngar-strategisk-samarbeid-med-hogskolen-i-ostfold\/\">\n<figure style=\"--t2-focal-point: 50% 50%;\" class=\"t2-post-featured-image has-image-ratio-16-9 wp-block-t2-post-featured-image\"><img loading=\"lazy\" decoding=\"async\" width=\"2560\" height=\"1077\" src=\"https:\/\/www.jernbanedirektoratet.no\/content\/uploads\/sites\/3\/2026\/04\/toppbilde-scaled.jpg\" class=\"attachment-post-thumbnail size-post-thumbnail wp-post-image\" alt=\"\" srcset=\"https:\/\/www.jernbanedirektoratet.no\/content\/uploads\/sites\/3\/2026\/04\/toppbilde-scaled.jpg 2560w, https:\/\/www.jernbanedirektoratet.no\/content\/uploads\/sites\/3\/2026\/04\/toppbilde-300x126.jpg 300w, https:\/\/www.jernbanedirektoratet.no\/content\/uploads\/sites\/3\/2026\/04\/toppbilde-1024x431.jpg 1024w, https:\/\/www.jernbanedirektoratet.no\/content\/uploads\/sites\/3\/2026\/04\/toppbilde-768x323.jpg 768w, https:\/\/www.jernbanedirektoratet.no\/content\/uploads\/sites\/3\/2026\/04\/toppbilde-1536x646.jpg 1536w, https:\/\/www.jernbanedirektoratet.no\/content\/uploads\/sites\/3\/2026\/04\/toppbilde-2048x862.jpg 2048w\" sizes=\"auto, (min-width: 1200px) 378px, (min-width: 700px) 33vw, 300px\" \/><\/figure>\n\n\n\t\t<div class=\"t2-post-link-content wp-block-t2-wrapper\">\n\n\n\t\t<div class=\"card-meta wp-block-t2-wrapper\">\n<div class=\"wp-block-post-date\"><time datetime=\"2026-04-23T10:28:01+02:00\">23. april 2026<\/time><\/div>\n<div class=\"taxonomy-category wp-block-post-terms\"><\/div>\n<\/div>\n\n<h3 class=\"t2-post-title wp-block-t2-post-title\">Inng\u00e5r strategisk samarbeid med H\u00f8gskolen i \u00d8stfold<\/h3>\n\n<\/div>\n\n<\/a>\n<\/div>\n\t\t\t\t\t<\/div>\n\t\t\t\t<\/div>\n\t\t\t\t\n\t\t\t","protected":false},"excerpt":{"rendered":"","protected":false},"author":14,"featured_media":3363,"comment_status":"closed","ping_status":"closed","sticky":false,"template":"","format":"standard","meta":{"post_sublanguage":"","footnotes":""},"categories":[1],"tags":[],"class_list":["post-3362","post","type-post","status-publish","format-standard","has-post-thumbnail","hentry","category-ukategorisert"],"yoast_head":"<!-- This site is optimized with the Yoast SEO Premium plugin v25.3 (Yoast SEO v25.3.1) - https:\/\/yoast.com\/wordpress\/plugins\/seo\/ -->\n<title>Infrastruktur uten folk? - Konnekt<\/title>\n<meta name=\"robots\" content=\"index, follow, max-snippet:-1, max-image-preview:large, max-video-preview:-1\" \/>\n<link rel=\"canonical\" href=\"https:\/\/www.jernbanedirektoratet.no\/konnekt\/nyheter\/infrastruktur-uten-folk\/\" \/>\n<meta property=\"og:locale\" content=\"nb_NO\" \/>\n<meta property=\"og:type\" content=\"article\" \/>\n<meta property=\"og:title\" content=\"Infrastruktur uten folk?\" \/>\n<meta property=\"og:url\" content=\"https:\/\/www.jernbanedirektoratet.no\/konnekt\/nyheter\/infrastruktur-uten-folk\/\" \/>\n<meta property=\"og:site_name\" content=\"Konnekt\" \/>\n<meta property=\"article:published_time\" content=\"2026-08-31T06:17:46+00:00\" \/>\n<meta property=\"article:modified_time\" content=\"2026-08-31T06:19:28+00:00\" \/>\n<meta property=\"og:image\" content=\"https:\/\/www.jernbanedirektoratet.no\/content\/uploads\/sites\/3\/2026\/08\/LO_RES-Kritisk-infrastruktur-uten-folk-foto-Hans-Kristian-Thorbjornsen-0284-1024x683.jpg\" \/>\n\t<meta property=\"og:image:width\" content=\"1024\" \/>\n\t<meta property=\"og:image:height\" content=\"683\" \/>\n\t<meta property=\"og:image:type\" content=\"image\/jpeg\" \/>\n<meta name=\"author\" content=\"Petter Karl Aanonsen\" \/>\n<meta name=\"twitter:card\" content=\"summary_large_image\" \/>\n<meta name=\"twitter:label1\" content=\"Skrevet av\" \/>\n\t<meta name=\"twitter:data1\" content=\"Petter Karl Aanonsen\" \/>\n\t<meta name=\"twitter:label2\" content=\"Ansl. lesetid\" \/>\n\t<meta name=\"twitter:data2\" content=\"8 minutter\" \/>\n<script type=\"application\/ld+json\" class=\"yoast-schema-graph\">{\"@context\":\"https:\/\/schema.org\",\"@graph\":[{\"@type\":\"Article\",\"@id\":\"https:\/\/www.jernbanedirektoratet.no\/konnekt\/nyheter\/infrastruktur-uten-folk\/#article\",\"isPartOf\":{\"@id\":\"https:\/\/www.jernbanedirektoratet.no\/konnekt\/nyheter\/infrastruktur-uten-folk\/\"},\"author\":{\"name\":\"Petter Karl Aanonsen\",\"@id\":\"https:\/\/www.jernbanedirektoratet.no\/konnekt\/#\/schema\/person\/e6cfe67f0eaf40de21249ed37961b5da\"},\"headline\":\"Infrastruktur uten folk?\",\"datePublished\":\"2026-08-31T06:17:46+00:00\",\"dateModified\":\"2026-08-31T06:19:28+00:00\",\"mainEntityOfPage\":{\"@id\":\"https:\/\/www.jernbanedirektoratet.no\/konnekt\/nyheter\/infrastruktur-uten-folk\/\"},\"wordCount\":709,\"publisher\":{\"@id\":\"https:\/\/www.jernbanedirektoratet.no\/konnekt\/#organization\"},\"image\":{\"@id\":\"https:\/\/www.jernbanedirektoratet.no\/konnekt\/nyheter\/infrastruktur-uten-folk\/#primaryimage\"},\"thumbnailUrl\":\"https:\/\/www.jernbanedirektoratet.no\/content\/uploads\/sites\/3\/2026\/08\/LO_RES-Kritisk-infrastruktur-uten-folk-foto-Hans-Kristian-Thorbjornsen-0284.jpg\",\"inLanguage\":\"nb-NO\"},{\"@type\":\"WebPage\",\"@id\":\"https:\/\/www.jernbanedirektoratet.no\/konnekt\/nyheter\/infrastruktur-uten-folk\/\",\"url\":\"https:\/\/www.jernbanedirektoratet.no\/konnekt\/nyheter\/infrastruktur-uten-folk\/\",\"name\":\"Infrastruktur uten folk? - Konnekt\",\"isPartOf\":{\"@id\":\"https:\/\/www.jernbanedirektoratet.no\/konnekt\/#website\"},\"primaryImageOfPage\":{\"@id\":\"https:\/\/www.jernbanedirektoratet.no\/konnekt\/nyheter\/infrastruktur-uten-folk\/#primaryimage\"},\"image\":{\"@id\":\"https:\/\/www.jernbanedirektoratet.no\/konnekt\/nyheter\/infrastruktur-uten-folk\/#primaryimage\"},\"thumbnailUrl\":\"https:\/\/www.jernbanedirektoratet.no\/content\/uploads\/sites\/3\/2026\/08\/LO_RES-Kritisk-infrastruktur-uten-folk-foto-Hans-Kristian-Thorbjornsen-0284.jpg\",\"datePublished\":\"2026-08-31T06:17:46+00:00\",\"dateModified\":\"2026-08-31T06:19:28+00:00\",\"breadcrumb\":{\"@id\":\"https:\/\/www.jernbanedirektoratet.no\/konnekt\/nyheter\/infrastruktur-uten-folk\/#breadcrumb\"},\"inLanguage\":\"nb-NO\",\"potentialAction\":[{\"@type\":\"ReadAction\",\"target\":[\"https:\/\/www.jernbanedirektoratet.no\/konnekt\/nyheter\/infrastruktur-uten-folk\/\"]}]},{\"@type\":\"ImageObject\",\"inLanguage\":\"nb-NO\",\"@id\":\"https:\/\/www.jernbanedirektoratet.no\/konnekt\/nyheter\/infrastruktur-uten-folk\/#primaryimage\",\"url\":\"https:\/\/www.jernbanedirektoratet.no\/content\/uploads\/sites\/3\/2026\/08\/LO_RES-Kritisk-infrastruktur-uten-folk-foto-Hans-Kristian-Thorbjornsen-0284.jpg\",\"contentUrl\":\"https:\/\/www.jernbanedirektoratet.no\/content\/uploads\/sites\/3\/2026\/08\/LO_RES-Kritisk-infrastruktur-uten-folk-foto-Hans-Kristian-Thorbjornsen-0284.jpg\",\"width\":2500,\"height\":1667},{\"@type\":\"BreadcrumbList\",\"@id\":\"https:\/\/www.jernbanedirektoratet.no\/konnekt\/nyheter\/infrastruktur-uten-folk\/#breadcrumb\",\"itemListElement\":[{\"@type\":\"ListItem\",\"position\":1,\"name\":\"Hjem\",\"item\":\"https:\/\/www.jernbanedirektoratet.no\/konnekt\/\"},{\"@type\":\"ListItem\",\"position\":2,\"name\":\"Infrastruktur uten folk?\"}]},{\"@type\":\"WebSite\",\"@id\":\"https:\/\/www.jernbanedirektoratet.no\/konnekt\/#website\",\"url\":\"https:\/\/www.jernbanedirektoratet.no\/konnekt\/\",\"name\":\"Konnekt\",\"description\":\"\",\"publisher\":{\"@id\":\"https:\/\/www.jernbanedirektoratet.no\/konnekt\/#organization\"},\"potentialAction\":[{\"@type\":\"SearchAction\",\"target\":{\"@type\":\"EntryPoint\",\"urlTemplate\":\"https:\/\/www.jernbanedirektoratet.no\/konnekt\/?s={search_term_string}\"},\"query-input\":{\"@type\":\"PropertyValueSpecification\",\"valueRequired\":true,\"valueName\":\"search_term_string\"}}],\"inLanguage\":\"nb-NO\"},{\"@type\":\"Organization\",\"@id\":\"https:\/\/www.jernbanedirektoratet.no\/konnekt\/#organization\",\"name\":\"Konnekt\",\"url\":\"https:\/\/www.jernbanedirektoratet.no\/konnekt\/\",\"logo\":{\"@type\":\"ImageObject\",\"inLanguage\":\"nb-NO\",\"@id\":\"https:\/\/www.jernbanedirektoratet.no\/konnekt\/#\/schema\/logo\/image\/\",\"url\":\"https:\/\/www.jernbanedirektoratet.no\/content\/uploads\/sites\/3\/2024\/01\/logo-konnekt.svg\",\"contentUrl\":\"https:\/\/www.jernbanedirektoratet.no\/content\/uploads\/sites\/3\/2024\/01\/logo-konnekt.svg\",\"caption\":\"Konnekt\"},\"image\":{\"@id\":\"https:\/\/www.jernbanedirektoratet.no\/konnekt\/#\/schema\/logo\/image\/\"}},{\"@type\":\"Person\",\"@id\":\"https:\/\/www.jernbanedirektoratet.no\/konnekt\/#\/schema\/person\/e6cfe67f0eaf40de21249ed37961b5da\",\"name\":\"Petter Karl Aanonsen\",\"image\":{\"@type\":\"ImageObject\",\"inLanguage\":\"nb-NO\",\"@id\":\"https:\/\/www.jernbanedirektoratet.no\/konnekt\/#\/schema\/person\/image\/\",\"url\":\"https:\/\/secure.gravatar.com\/avatar\/9c7a8c3dfcd325732cbbb55fa4b731c6c03b273c06a47cdcc7e43105eb0ee964?s=96&d=mm&r=g\",\"contentUrl\":\"https:\/\/secure.gravatar.com\/avatar\/9c7a8c3dfcd325732cbbb55fa4b731c6c03b273c06a47cdcc7e43105eb0ee964?s=96&d=mm&r=g\",\"caption\":\"Petter Karl Aanonsen\"}}]}<\/script>\n<!-- \/ Yoast SEO Premium plugin. -->","yoast_head_json":{"title":"Infrastruktur uten folk? - Konnekt","robots":{"index":"index","follow":"follow","max-snippet":"max-snippet:-1","max-image-preview":"max-image-preview:large","max-video-preview":"max-video-preview:-1"},"canonical":"https:\/\/www.jernbanedirektoratet.no\/konnekt\/nyheter\/infrastruktur-uten-folk\/","og_locale":"nb_NO","og_type":"article","og_title":"Infrastruktur uten folk?","og_url":"https:\/\/www.jernbanedirektoratet.no\/konnekt\/nyheter\/infrastruktur-uten-folk\/","og_site_name":"Konnekt","article_published_time":"2026-08-31T06:17:46+00:00","article_modified_time":"2026-08-31T06:19:28+00:00","og_image":[{"width":1024,"height":683,"url":"https:\/\/www.jernbanedirektoratet.no\/content\/uploads\/sites\/3\/2026\/08\/LO_RES-Kritisk-infrastruktur-uten-folk-foto-Hans-Kristian-Thorbjornsen-0284-1024x683.jpg","type":"image\/jpeg"}],"author":"Petter Karl Aanonsen","twitter_card":"summary_large_image","twitter_misc":{"Skrevet av":"Petter Karl Aanonsen","Ansl. lesetid":"8 minutter"},"schema":{"@context":"https:\/\/schema.org","@graph":[{"@type":"Article","@id":"https:\/\/www.jernbanedirektoratet.no\/konnekt\/nyheter\/infrastruktur-uten-folk\/#article","isPartOf":{"@id":"https:\/\/www.jernbanedirektoratet.no\/konnekt\/nyheter\/infrastruktur-uten-folk\/"},"author":{"name":"Petter Karl Aanonsen","@id":"https:\/\/www.jernbanedirektoratet.no\/konnekt\/#\/schema\/person\/e6cfe67f0eaf40de21249ed37961b5da"},"headline":"Infrastruktur uten folk?","datePublished":"2026-08-31T06:17:46+00:00","dateModified":"2026-08-31T06:19:28+00:00","mainEntityOfPage":{"@id":"https:\/\/www.jernbanedirektoratet.no\/konnekt\/nyheter\/infrastruktur-uten-folk\/"},"wordCount":709,"publisher":{"@id":"https:\/\/www.jernbanedirektoratet.no\/konnekt\/#organization"},"image":{"@id":"https:\/\/www.jernbanedirektoratet.no\/konnekt\/nyheter\/infrastruktur-uten-folk\/#primaryimage"},"thumbnailUrl":"https:\/\/www.jernbanedirektoratet.no\/content\/uploads\/sites\/3\/2026\/08\/LO_RES-Kritisk-infrastruktur-uten-folk-foto-Hans-Kristian-Thorbjornsen-0284.jpg","inLanguage":"nb-NO"},{"@type":"WebPage","@id":"https:\/\/www.jernbanedirektoratet.no\/konnekt\/nyheter\/infrastruktur-uten-folk\/","url":"https:\/\/www.jernbanedirektoratet.no\/konnekt\/nyheter\/infrastruktur-uten-folk\/","name":"Infrastruktur uten folk? - Konnekt","isPartOf":{"@id":"https:\/\/www.jernbanedirektoratet.no\/konnekt\/#website"},"primaryImageOfPage":{"@id":"https:\/\/www.jernbanedirektoratet.no\/konnekt\/nyheter\/infrastruktur-uten-folk\/#primaryimage"},"image":{"@id":"https:\/\/www.jernbanedirektoratet.no\/konnekt\/nyheter\/infrastruktur-uten-folk\/#primaryimage"},"thumbnailUrl":"https:\/\/www.jernbanedirektoratet.no\/content\/uploads\/sites\/3\/2026\/08\/LO_RES-Kritisk-infrastruktur-uten-folk-foto-Hans-Kristian-Thorbjornsen-0284.jpg","datePublished":"2026-08-31T06:17:46+00:00","dateModified":"2026-08-31T06:19:28+00:00","breadcrumb":{"@id":"https:\/\/www.jernbanedirektoratet.no\/konnekt\/nyheter\/infrastruktur-uten-folk\/#breadcrumb"},"inLanguage":"nb-NO","potentialAction":[{"@type":"ReadAction","target":["https:\/\/www.jernbanedirektoratet.no\/konnekt\/nyheter\/infrastruktur-uten-folk\/"]}]},{"@type":"ImageObject","inLanguage":"nb-NO","@id":"https:\/\/www.jernbanedirektoratet.no\/konnekt\/nyheter\/infrastruktur-uten-folk\/#primaryimage","url":"https:\/\/www.jernbanedirektoratet.no\/content\/uploads\/sites\/3\/2026\/08\/LO_RES-Kritisk-infrastruktur-uten-folk-foto-Hans-Kristian-Thorbjornsen-0284.jpg","contentUrl":"https:\/\/www.jernbanedirektoratet.no\/content\/uploads\/sites\/3\/2026\/08\/LO_RES-Kritisk-infrastruktur-uten-folk-foto-Hans-Kristian-Thorbjornsen-0284.jpg","width":2500,"height":1667},{"@type":"BreadcrumbList","@id":"https:\/\/www.jernbanedirektoratet.no\/konnekt\/nyheter\/infrastruktur-uten-folk\/#breadcrumb","itemListElement":[{"@type":"ListItem","position":1,"name":"Hjem","item":"https:\/\/www.jernbanedirektoratet.no\/konnekt\/"},{"@type":"ListItem","position":2,"name":"Infrastruktur uten folk?"}]},{"@type":"WebSite","@id":"https:\/\/www.jernbanedirektoratet.no\/konnekt\/#website","url":"https:\/\/www.jernbanedirektoratet.no\/konnekt\/","name":"Konnekt","description":"","publisher":{"@id":"https:\/\/www.jernbanedirektoratet.no\/konnekt\/#organization"},"potentialAction":[{"@type":"SearchAction","target":{"@type":"EntryPoint","urlTemplate":"https:\/\/www.jernbanedirektoratet.no\/konnekt\/?s={search_term_string}"},"query-input":{"@type":"PropertyValueSpecification","valueRequired":true,"valueName":"search_term_string"}}],"inLanguage":"nb-NO"},{"@type":"Organization","@id":"https:\/\/www.jernbanedirektoratet.no\/konnekt\/#organization","name":"Konnekt","url":"https:\/\/www.jernbanedirektoratet.no\/konnekt\/","logo":{"@type":"ImageObject","inLanguage":"nb-NO","@id":"https:\/\/www.jernbanedirektoratet.no\/konnekt\/#\/schema\/logo\/image\/","url":"https:\/\/www.jernbanedirektoratet.no\/content\/uploads\/sites\/3\/2024\/01\/logo-konnekt.svg","contentUrl":"https:\/\/www.jernbanedirektoratet.no\/content\/uploads\/sites\/3\/2024\/01\/logo-konnekt.svg","caption":"Konnekt"},"image":{"@id":"https:\/\/www.jernbanedirektoratet.no\/konnekt\/#\/schema\/logo\/image\/"}},{"@type":"Person","@id":"https:\/\/www.jernbanedirektoratet.no\/konnekt\/#\/schema\/person\/e6cfe67f0eaf40de21249ed37961b5da","name":"Petter Karl Aanonsen","image":{"@type":"ImageObject","inLanguage":"nb-NO","@id":"https:\/\/www.jernbanedirektoratet.no\/konnekt\/#\/schema\/person\/image\/","url":"https:\/\/secure.gravatar.com\/avatar\/9c7a8c3dfcd325732cbbb55fa4b731c6c03b273c06a47cdcc7e43105eb0ee964?s=96&d=mm&r=g","contentUrl":"https:\/\/secure.gravatar.com\/avatar\/9c7a8c3dfcd325732cbbb55fa4b731c6c03b273c06a47cdcc7e43105eb0ee964?s=96&d=mm&r=g","caption":"Petter Karl Aanonsen"}}]}},"_links":{"self":[{"href":"https:\/\/www.jernbanedirektoratet.no\/konnekt\/wp-json\/wp\/v2\/posts\/3362","targetHints":{"allow":["GET"]}}],"collection":[{"href":"https:\/\/www.jernbanedirektoratet.no\/konnekt\/wp-json\/wp\/v2\/posts"}],"about":[{"href":"https:\/\/www.jernbanedirektoratet.no\/konnekt\/wp-json\/wp\/v2\/types\/post"}],"author":[{"embeddable":true,"href":"https:\/\/www.jernbanedirektoratet.no\/konnekt\/wp-json\/wp\/v2\/users\/14"}],"replies":[{"embeddable":true,"href":"https:\/\/www.jernbanedirektoratet.no\/konnekt\/wp-json\/wp\/v2\/comments?post=3362"}],"version-history":[{"count":2,"href":"https:\/\/www.jernbanedirektoratet.no\/konnekt\/wp-json\/wp\/v2\/posts\/3362\/revisions"}],"predecessor-version":[{"id":3425,"href":"https:\/\/www.jernbanedirektoratet.no\/konnekt\/wp-json\/wp\/v2\/posts\/3362\/revisions\/3425"}],"wp:featuredmedia":[{"embeddable":true,"href":"https:\/\/www.jernbanedirektoratet.no\/konnekt\/wp-json\/wp\/v2\/media\/3363"}],"wp:attachment":[{"href":"https:\/\/www.jernbanedirektoratet.no\/konnekt\/wp-json\/wp\/v2\/media?parent=3362"}],"wp:term":[{"taxonomy":"category","embeddable":true,"href":"https:\/\/www.jernbanedirektoratet.no\/konnekt\/wp-json\/wp\/v2\/categories?post=3362"},{"taxonomy":"post_tag","embeddable":true,"href":"https:\/\/www.jernbanedirektoratet.no\/konnekt\/wp-json\/wp\/v2\/tags?post=3362"}],"curies":[{"name":"wp","href":"https:\/\/api.w.org\/{rel}","templated":true}]}}